{"id":155374,"date":"2024-07-27T09:00:35","date_gmt":"2024-07-27T12:00:35","guid":{"rendered":"https:\/\/corrientesdetarde.com\/?p=155374"},"modified":"2024-07-27T09:00:36","modified_gmt":"2024-07-27T12:00:36","slug":"con-el-correntino-mendez-argentina-enfrenta-a-uruguay","status":"publish","type":"post","link":"https:\/\/corrientesdetarde.com\/index.php\/deportes\/con-el-correntino-mendez-argentina-enfrenta-a-uruguay\/","title":{"rendered":"Con el correntino M\u00e9ndez, Argentina enfrenta a Uruguay"},"content":{"rendered":"\n<p>Esta noche, desde las 20 en Paysand\u00fa, Uruguay, la Selecci\u00f3n masculina enfrentar\u00e1 al equipo local en la inauguraci\u00f3n del estadio 8 de Junio.<\/p>\n\n\n\n<p>En este cotejo, el equipo argentino estar\u00e1 dirigido por Leonardo Guti\u00e9rrez y contar\u00e1 con 12 jugadores provenientes del \u00e1mbito dom\u00e9stico, con representantes de La Liga Nacional de B\u00e1squetbol (LNB) y La Liga de Desarrollo.<\/p>\n\n\n\n<p>Uno de los jugadores del certamen local es Franco M\u00e9ndez, escolta correntino de San Mart\u00edn. El rojinegro tambi\u00e9n tiene representaci\u00f3n en Nicol\u00e1s Burgos, interno que jug\u00f3 en el equipo capitalino parte de la fase regular y los playoffs de la campa\u00f1a pasada.<\/p>\n\n\n\n<p>En charla con Prensa CAB, Guti\u00e9rrez destac\u00f3: &#8220;Queremos que todos los chicos j\u00f3venes tengan la posibilidad de mostrarse un poco en la Selecci\u00f3n y que est\u00e9n preparados. Hay jugadores con mucho talento, creo que Moussa y Respaud son chicos que juegan muy bien, que lo est\u00e1n demostrando en Liga de Desarrollo y por qu\u00e9 no tener la posibilidad de jugar algunos minutos en este partido amistoso, de tener roce con jugadores mayores. Hay que ver a todos los chicos y Pablo Prigioni tiene esa idea: ver a todos los j\u00f3venes para despu\u00e9s formar el mejor equipo posible&#8221;.<\/p>\n","protected":false},"excerpt":{"rendered":"<p>Esta noche, desde las 20 en Paysand\u00fa, Uruguay, la Selecci\u00f3n masculina enfrentar\u00e1 al equipo local en la inauguraci\u00f3n del estadio 8 de Junio. En este cotejo, el equipo argentino estar\u00e1&hellip; <\/p>\n","protected":false},"author":3,"featured_media":155382,"comment_status":"closed","ping_status":"open","sticky":false,"template":"","format":"standard","meta":{"footnotes":""},"categories":[4],"tags":[],"class_list":["post-155374","post","type-post","status-publish","format-standard","has-post-thumbnail","hentry","category-deportes"],"_links":{"self":[{"href":"https:\/\/corrientesdetarde.com\/index.php\/wp-json\/wp\/v2\/posts\/155374","targetHints":{"allow":["GET"]}}],"collection":[{"href":"https:\/\/corrientesdetarde.com\/index.php\/wp-json\/wp\/v2\/posts"}],"about":[{"href":"https:\/\/corrientesdetarde.com\/index.php\/wp-json\/wp\/v2\/types\/post"}],"author":[{"embeddable":true,"href":"https:\/\/corrientesdetarde.com\/index.php\/wp-json\/wp\/v2\/users\/3"}],"replies":[{"embeddable":true,"href":"https:\/\/corrientesdetarde.com\/index.php\/wp-json\/wp\/v2\/comments?post=155374"}],"version-history":[{"count":1,"href":"https:\/\/corrientesdetarde.com\/index.php\/wp-json\/wp\/v2\/posts\/155374\/revisions"}],"predecessor-version":[{"id":155403,"href":"https:\/\/corrientesdetarde.com\/index.php\/wp-json\/wp\/v2\/posts\/155374\/revisions\/155403"}],"wp:featuredmedia":[{"embeddable":true,"href":"https:\/\/corrientesdetarde.com\/index.php\/wp-json\/wp\/v2\/media\/155382"}],"wp:attachment":[{"href":"https:\/\/corrientesdetarde.com\/index.php\/wp-json\/wp\/v2\/media?parent=155374"}],"wp:term":[{"taxonomy":"category","embeddable":true,"href":"https:\/\/corrientesdetarde.com\/index.php\/wp-json\/wp\/v2\/categories?post=155374"},{"taxonomy":"post_tag","embeddable":true,"href":"https:\/\/corrientesdetarde.com\/index.php\/wp-json\/wp\/v2\/tags?post=155374"}],"curies":[{"name":"wp","href":"https:\/\/api.w.org\/{rel}","templated":true}]}}