{"id":155375,"date":"2024-07-27T09:00:33","date_gmt":"2024-07-27T12:00:33","guid":{"rendered":"https:\/\/corrientesdetarde.com\/?p=155375"},"modified":"2024-07-27T09:00:34","modified_gmt":"2024-07-27T12:00:34","slug":"murio-alfredo-ellero-el-custodio-de-la-madre-de-itati","status":"publish","type":"post","link":"https:\/\/corrientesdetarde.com\/index.php\/informacion-general\/murio-alfredo-ellero-el-custodio-de-la-madre-de-itati\/","title":{"rendered":"Muri\u00f3 Alfredo Ellero, el custodio de la madre de Itat\u00ed"},"content":{"rendered":"\n<p>El peregrino chamamecero ser\u00e1 velado en la Cocher\u00eda Las Heras este s\u00e1bado desde las 11. Despu\u00e9s ser\u00e1 cremado y sus cenizas ser\u00e1n trasladadas a la localidad de Itat\u00ed.<\/p>\n\n\n\n<p>Muri\u00f3 Alfredo Ellero, el custodio de la madre de Itat\u00ed. El peregrino chamamecero ser\u00e1 velado en la Cocher\u00eda Las Heras este s\u00e1bado desde las 11 de la ma\u00f1ana. Despu\u00e9s ser\u00e1 cremado y sus cenizas ser\u00e1n trasladadas a la localidad de Itat\u00ed.<\/p>\n\n\n\n<p>Ellero ten\u00eda 79 a\u00f1os y era conocido porque fue el portador a caballo de la imagen peregrina por 18 a\u00f1os para la apertura oficial de la Fiesta Nacional del Chamam\u00e9, en la edici\u00f3n de 2023 se baj\u00f3 del caballo a causa de problemas de salud ya que sufr\u00eda Parkinson.<\/p>\n\n\n\n<p>Desde el 2005, recorr\u00eda 50 metros a caballo desde el acceso del anfiteatro hasta el escenario &#8220;Osvaldo Sosa Cordero&#8221; para que la &#8220;patrona del chamam\u00e9&#8221; presida y bendiga cada una de las diez noches de la fiesta.<\/p>\n\n\n\n<figure class=\"wp-block-image\"><img decoding=\"async\" src=\"https:\/\/www.diarioepoca.com\/content\/bucket\/3\/1375653w790h488c.webp.webp\" alt=\"\"\/><\/figure>\n\n\n\n<p>El promesero chamamecero el a\u00f1o pasado se baj\u00f3 del caballo por su estado de salud ya que padec\u00eda Parkinson y acompa\u00f1\u00f3 a la imagen de la virgen desde el escenario. El curuzucuate\u00f1o ten\u00eda un vinculo especial con la Virgen de Itat\u00ed.&nbsp;<\/p>\n\n\n\n<p>Su profunda devoci\u00f3n por la &#8220;madre de los correntinos&#8221; naci\u00f3 luego de que en febrero de 1995 protagonizara un accidente en Entre R\u00edos que lo dej\u00f3 en brazos de la muerte. &#8220;Ella se apareci\u00f3 en mi pecho y me sac\u00f3 del caj\u00f3n en la morgue de Gualeguaych\u00fa&#8221;, cont\u00f3 el peregrino en numerosas oportunidades.<\/p>\n\n\n\n<p>Desde entonces pas\u00f3 28 a\u00f1os de su vida cabalgando con la imagen de la virgen de Itat\u00ed, m\u00e1s de 35 mil kil\u00f3metros recorriendo el pa\u00eds de punta a punta. Entre tantas traves\u00edas uni\u00f3 siete bas\u00edlicas con la de Itat\u00ed, s\u00f3lo al monte de su caballo.<\/p>\n","protected":false},"excerpt":{"rendered":"<p>El peregrino chamamecero ser\u00e1 velado en la Cocher\u00eda Las Heras este s\u00e1bado desde las 11. Despu\u00e9s ser\u00e1 cremado y sus cenizas ser\u00e1n trasladadas a la localidad de Itat\u00ed. Muri\u00f3 Alfredo&hellip; <\/p>\n","protected":false},"author":3,"featured_media":155381,"comment_status":"closed","ping_status":"open","sticky":false,"template":"","format":"standard","meta":{"footnotes":""},"categories":[1],"tags":[],"class_list":["post-155375","post","type-post","status-publish","format-standard","has-post-thumbnail","hentry","category-informacion-general"],"_links":{"self":[{"href":"https:\/\/corrientesdetarde.com\/index.php\/wp-json\/wp\/v2\/posts\/155375","targetHints":{"allow":["GET"]}}],"collection":[{"href":"https:\/\/corrientesdetarde.com\/index.php\/wp-json\/wp\/v2\/posts"}],"about":[{"href":"https:\/\/corrientesdetarde.com\/index.php\/wp-json\/wp\/v2\/types\/post"}],"author":[{"embeddable":true,"href":"https:\/\/corrientesdetarde.com\/index.php\/wp-json\/wp\/v2\/users\/3"}],"replies":[{"embeddable":true,"href":"https:\/\/corrientesdetarde.com\/index.php\/wp-json\/wp\/v2\/comments?post=155375"}],"version-history":[{"count":1,"href":"https:\/\/corrientesdetarde.com\/index.php\/wp-json\/wp\/v2\/posts\/155375\/revisions"}],"predecessor-version":[{"id":155402,"href":"https:\/\/corrientesdetarde.com\/index.php\/wp-json\/wp\/v2\/posts\/155375\/revisions\/155402"}],"wp:featuredmedia":[{"embeddable":true,"href":"https:\/\/corrientesdetarde.com\/index.php\/wp-json\/wp\/v2\/media\/155381"}],"wp:attachment":[{"href":"https:\/\/corrientesdetarde.com\/index.php\/wp-json\/wp\/v2\/media?parent=155375"}],"wp:term":[{"taxonomy":"category","embeddable":true,"href":"https:\/\/corrientesdetarde.com\/index.php\/wp-json\/wp\/v2\/categories?post=155375"},{"taxonomy":"post_tag","embeddable":true,"href":"https:\/\/corrientesdetarde.com\/index.php\/wp-json\/wp\/v2\/tags?post=155375"}],"curies":[{"name":"wp","href":"https:\/\/api.w.org\/{rel}","templated":true}]}}