{"id":155377,"date":"2024-07-27T09:00:29","date_gmt":"2024-07-27T12:00:29","guid":{"rendered":"https:\/\/corrientesdetarde.com\/?p=155377"},"modified":"2024-07-27T09:00:30","modified_gmt":"2024-07-27T12:00:30","slug":"celine-dion-se-emociono-al-cantar-en-los-juegos-olimpicos-de-paris-tras-el-diagnostico-de-su-enfermedad","status":"publish","type":"post","link":"https:\/\/corrientesdetarde.com\/index.php\/espectaculos\/celine-dion-se-emociono-al-cantar-en-los-juegos-olimpicos-de-paris-tras-el-diagnostico-de-su-enfermedad\/","title":{"rendered":"C\u00e9line Dion se emocion\u00f3 al cantar en los Juegos Ol\u00edmpicos de Par\u00eds tras el diagn\u00f3stico de su enfermedad"},"content":{"rendered":"\n<p>La cantante gener\u00f3 furor con su participaci\u00f3n en la ceremonia inaugural que se realiz\u00f3 en el r\u00edo Sena.<\/p>\n\n\n\n<p>C\u00e9line Dion se emocion\u00f3 al cantar en los Juegos Ol\u00edmpicos de Par\u00eds tras el diagn\u00f3stico de su enfermedad. Luego de los rumores que aseguraban que iba a estar durante la ceremonia inaugural de los JJOO, la cantante gener\u00f3 furor en el p\u00fablico al entonar &#8220;l\u2019Hymne \u00e0 l\u2019amour (Oda al amor)&#8221; de Edith Piaf.<\/p>\n\n\n\n<p>\u00a0Con un vestido blanco de mangas largas, cuello alto y bordado en lentejuelas, la artista cautiv\u00f3 al p\u00fablico al cantar en franc\u00e9s. Esta es la primera presentaci\u00f3n en vivo que hace C\u00e9line luego de comunicar que se retiraba de los escenarios porque padec\u00eda el s\u00edndrome de la persona r\u00edgida.<\/p>\n\n\n\n<h3 class=\"wp-block-heading\">Qu\u00e9 es el s\u00edndrome de la persona r\u00edgida, la enfermedad de C\u00e9line Dion<\/h3>\n\n\n\n<p>C\u00e9line Dion revel\u00f3 que al cantar siente como si estuviera siendo estrangulada debido al s\u00edndrome de la persona r\u00edgida, la enfermedad neurol\u00f3gica que padece y que la apart\u00f3 de los escenarios. Sobre esta enfermedad y su vida actual habl\u00f3 tambi\u00e9n en el documental Yo soy: C\u00e9line Dion, estrenado semanas atr\u00e1s.<\/p>\n\n\n\n<p>&#8220;Es como si alguien te estuviera estrangulando&#8221;, describi\u00f3 Dion, de 56 a\u00f1os, en una entrevista que adelant\u00f3 este lunes el programa &#8220;Today&#8221;, del canal estadounidense NBC. Seg\u00fan public\u00f3 la agencia EFE, la transmisi\u00f3n completa est\u00e1 prevista para hoy.<\/p>\n\n\n\n<p>La int\u00e9rprete de &#8220;My Heart Will Go On&#8221;, la conocida banda sonora de la pel\u00edcula Titanic, dio nuevos detalles sobre el diagn\u00f3stico de su enfermedad, que ella misma hizo p\u00fablico hace dos a\u00f1os, y admiti\u00f3 no haberse tomado el tiempo suficiente para descansar o descubrir qu\u00e9 le estaba pasando a su voz cuando surgieron los primeros s\u00edntomas.<\/p>\n\n\n\n<p>Por este problema de salud, la artista canadiense tuvo que cancelar su gira internacional. &#8220;Deber\u00eda haber parado, tomarme el tiempo para resolverlo&#8221;, dijo Dion, que al mismo tiempo que descubr\u00eda su enfermedad, su esposo, Ren\u00e9 Ang\u00e9lil, luchaba contra un c\u00e1ncer del que muri\u00f3 en enero de 2016.<\/p>\n","protected":false},"excerpt":{"rendered":"<p>La cantante gener\u00f3 furor con su participaci\u00f3n en la ceremonia inaugural que se realiz\u00f3 en el r\u00edo Sena. C\u00e9line Dion se emocion\u00f3 al cantar en los Juegos Ol\u00edmpicos de Par\u00eds&hellip; <\/p>\n","protected":false},"author":3,"featured_media":155386,"comment_status":"closed","ping_status":"open","sticky":false,"template":"","format":"standard","meta":{"footnotes":""},"categories":[19],"tags":[],"class_list":["post-155377","post","type-post","status-publish","format-standard","has-post-thumbnail","hentry","category-espectaculos"],"_links":{"self":[{"href":"https:\/\/corrientesdetarde.com\/index.php\/wp-json\/wp\/v2\/posts\/155377","targetHints":{"allow":["GET"]}}],"collection":[{"href":"https:\/\/corrientesdetarde.com\/index.php\/wp-json\/wp\/v2\/posts"}],"about":[{"href":"https:\/\/corrientesdetarde.com\/index.php\/wp-json\/wp\/v2\/types\/post"}],"author":[{"embeddable":true,"href":"https:\/\/corrientesdetarde.com\/index.php\/wp-json\/wp\/v2\/users\/3"}],"replies":[{"embeddable":true,"href":"https:\/\/corrientesdetarde.com\/index.php\/wp-json\/wp\/v2\/comments?post=155377"}],"version-history":[{"count":1,"href":"https:\/\/corrientesdetarde.com\/index.php\/wp-json\/wp\/v2\/posts\/155377\/revisions"}],"predecessor-version":[{"id":155399,"href":"https:\/\/corrientesdetarde.com\/index.php\/wp-json\/wp\/v2\/posts\/155377\/revisions\/155399"}],"wp:featuredmedia":[{"embeddable":true,"href":"https:\/\/corrientesdetarde.com\/index.php\/wp-json\/wp\/v2\/media\/155386"}],"wp:attachment":[{"href":"https:\/\/corrientesdetarde.com\/index.php\/wp-json\/wp\/v2\/media?parent=155377"}],"wp:term":[{"taxonomy":"category","embeddable":true,"href":"https:\/\/corrientesdetarde.com\/index.php\/wp-json\/wp\/v2\/categories?post=155377"},{"taxonomy":"post_tag","embeddable":true,"href":"https:\/\/corrientesdetarde.com\/index.php\/wp-json\/wp\/v2\/tags?post=155377"}],"curies":[{"name":"wp","href":"https:\/\/api.w.org\/{rel}","templated":true}]}}