{"id":155378,"date":"2024-07-27T09:00:26","date_gmt":"2024-07-27T12:00:26","guid":{"rendered":"https:\/\/corrientesdetarde.com\/?p=155378"},"modified":"2024-07-27T09:00:30","modified_gmt":"2024-07-27T12:00:30","slug":"el-gobierno-provincial-renueva-impulso-a-obras-de-infraestructura","status":"publish","type":"post","link":"https:\/\/corrientesdetarde.com\/index.php\/informacion-general\/el-gobierno-provincial-renueva-impulso-a-obras-de-infraestructura\/","title":{"rendered":"El Gobierno Provincial renueva impulso a obras de infraestructura"},"content":{"rendered":"\n<p>Distintas \u00e1reas del Estado correntino exhiben avances en inversi\u00f3n edilicia en instituciones en capital e interior. El Gobernador particip\u00f3 de inspecciones en obras de distintos puntos, mientras se preparan para recibir el traspaso de proyectos nacionales.<\/p>\n\n\n\n<p>Una activa agenda relacionada a la obra p\u00fablica desarrolla el Gobierno de la Provincia. La apertura de la licitaci\u00f3n de una inversi\u00f3n de 840 millones de pesos para la renovaci\u00f3n y optimizaci\u00f3n de los servicios de Emergencia y la Unidad de Terapia Intensiva (UTI) del hospital Vidal y se preparan para la recepci\u00f3n de las obras que traspasar\u00e1 el Gobierno Nacional a \u00f3rbita local como la Autov\u00eda de acceso a la ciudad de Corrientes.<\/p>\n\n\n\n<p>El gobernador Gustavo Vald\u00e9s asumi\u00f3 en la \u00faltima semana del receso invernal una agenda de visita y supervisi\u00f3n de obras en marcha, como trabajos viales en la capital, puesta en valor de edificios emblem\u00e1ticos en localidades del interior como la parroquia San Luis del Palmar y obras urbanas en diferentes localidades.<\/p>\n\n\n\n<figure class=\"wp-block-image\"><img decoding=\"async\" src=\"https:\/\/www.diarioepoca.com\/content\/bucket\/6\/1375686w380h177c.jpg.webp\" alt=\"\"\/><\/figure>\n\n\n\n<h2 class=\"wp-block-heading\">Supervisi\u00f3n de trabajos<\/h2>\n\n\n\n<p>Acompa\u00f1ado del ministro de Obras P\u00fablicas, ayer el Gobernador visit\u00f3 los trabajos de asfaltado de ocho cuadras de la calle Moreno en el macrocentro.<\/p>\n\n\n\n<p>La visita de revisi\u00f3n de obras fue difundida por el Mandatario a trav\u00e9s de sus redes sociales en que expres\u00f3: &#8220;En Capital estamos repavimentando integralmente la calle Moreno, en su extensi\u00f3n entre Chaco y San Juan, obra que permitir\u00e1 que la circulaci\u00f3n vehicular sea m\u00e1s fluida y segura a lo largo de este tramo&#8221;.<\/p>\n\n\n\n<p>Cabe remarcar que la mencionada obra se lleva adelante por parte de la Direcci\u00f3n Provincial de Vialidad en el marco del Programa de Mejoramiento Barrial.<\/p>\n\n\n\n<figure class=\"wp-block-image\"><img decoding=\"async\" src=\"https:\/\/www.diarioepoca.com\/content\/bucket\/4\/1375654w380h243c.jpg.webp\" alt=\"\"\/><figcaption class=\"wp-element-caption\">MEJORAMIENTO URBANO EN LA CAPITAL DE LA PROVINCIA.<\/figcaption><\/figure>\n\n\n\n<p>El martes, el Gobernador acompa\u00f1\u00f3 al intendente Ren\u00e9 Buj\u00e1n en una visita de inspecci\u00f3n de las obras de puesta en valor de la torre del campanario de la hist\u00f3rica parroquia San Luis Rey de Francia, en la localidad de San Luis del Palmar.<\/p>\n\n\n\n<p>&#8220;Que la feligres\u00eda cuente con un templo integralmente restaurado en el que, adem\u00e1s de expresar su fe, fortalezca su servicio a la comunidad&#8221;, expres\u00f3 ese d\u00eda el Mandatario en la red social X.<\/p>\n\n\n\n<figure class=\"wp-block-image\"><img decoding=\"async\" src=\"https:\/\/www.diarioepoca.com\/content\/bucket\/5\/1375685w380h230c.jpg.webp\" alt=\"\"\/><\/figure>\n\n\n\n<h2 class=\"wp-block-heading\">Salud p\u00fablica<\/h2>\n\n\n\n<p>Desde el Gobierno tambi\u00e9n se moviliz\u00f3 la revisi\u00f3n de obras en infraestructura de salud p\u00fablica como la construcci\u00f3n del nuevo edificio del Hospital Pedi\u00e1trico &#8220;Juan Pablo II&#8221; de la ciudad de Corrientes, que se encuentran en la \u00faltima etapa de la obra. De esta manera se ampliar\u00e1 los sectores de emergencia, rehabilitaci\u00f3n e internaci\u00f3n.<\/p>\n\n\n\n<p>&#8220;Las mejoras permitir\u00e1n ofrecer una atenci\u00f3n \u00f3ptima a los ni\u00f1os, con instalaciones m\u00e1s modernas y equipadas&#8221;, remarc\u00f3 el primer Mandatario al respecto. A lo que agreg\u00f3 que &#8220;la ampliaci\u00f3n de estos tres servicios es fundamental para atender las necesidades de la comunidad, garantizando un mejor cuidado y recuperaci\u00f3n de nuestros peque\u00f1os pacientes&#8221;.<\/p>\n\n\n\n<p>&#8220;Recorrimos los avances de las obras del futuro Instituto Oncol\u00f3gico de Corrientes. Este centro ser\u00e1 el m\u00e1s moderno de la regi\u00f3n y nos posicionar\u00e1 a la vanguardia de la prevenci\u00f3n, diagn\u00f3stico y tratamiento del c\u00e1ncer, brindando servicios de alta calidad a la comunidad&#8221; y destac\u00f3: &#8220;Gracias a una fuerte inversi\u00f3n, la instituci\u00f3n contar\u00e1 con una superficie cubierta de 4.500m\u00b2 y con equipamiento de \u00faltima generaci\u00f3n que mejorar\u00e1n significativamente la atenci\u00f3n oncol\u00f3gica y la calidad de vida de los pacientes&#8221;, indic\u00f3 Vald\u00e9s en sus redes sociales.<\/p>\n\n\n\n<p>Tambi\u00e9n se puso en marcha la licitaci\u00f3n para obras complementarias en los servicios de Emergencia y la Terapia Intensiva del hospital Vidal, emprendimiento en el cual compiten tres empresas oferentes con u presupuesto oficial es de $839.243.905.27, con un plazo de ejecuci\u00f3n de 150 d\u00edas.<\/p>\n\n\n\n<p>La obra propone una reubicaci\u00f3n estrat\u00e9gica de estos servicios mediante la refuncionalizaci\u00f3n y reorganizaci\u00f3n de sus espacios y funciones para mejorar su eficiencia y efectividad.<\/p>\n\n\n\n<h2 class=\"wp-block-heading\">Traspaso<\/h2>\n\n\n\n<p>El ministro de Obras y Servicios P\u00fablicos, Claudio Polich, asever\u00f3 que desarrollan &#8220;un buen paquete de obras, no solamente en la ciudad Capital, sino en distintos lugares de la provincia y con una gran expectativa por los convenios firmados con el Gobierno Nacional como para la reactivaci\u00f3n de las obras p\u00fablicas que estaban destinadas a la provincia de Corrientes con inversi\u00f3n del presupuesto de Naci\u00f3n&#8221;.<\/p>\n\n\n\n<p>Al ser consultado sobre cu\u00e1les son las obras pr\u00f3ximas a reactivar, el ministro destac\u00f3: &#8220;Marcamos como urgencia el tema de la Autov\u00eda 12 de acceso a la ciudad de Corrientes, que nos parece una barbaridad que estos once kil\u00f3metros est\u00e9n hace tanto tiempo sin poder concluirse y que est\u00e1 afectando la transitabilidad y la seguridad en la circulaci\u00f3n de toda la ciudad Capital&#8221;.<\/p>\n","protected":false},"excerpt":{"rendered":"<p>Distintas \u00e1reas del Estado correntino exhiben avances en inversi\u00f3n edilicia en instituciones en capital e interior. El Gobernador particip\u00f3 de inspecciones en obras de distintos puntos, mientras se preparan para&hellip; <\/p>\n","protected":false},"author":3,"featured_media":155379,"comment_status":"closed","ping_status":"open","sticky":false,"template":"","format":"standard","meta":{"footnotes":""},"categories":[1],"tags":[],"class_list":["post-155378","post","type-post","status-publish","format-standard","has-post-thumbnail","hentry","category-informacion-general"],"_links":{"self":[{"href":"https:\/\/corrientesdetarde.com\/index.php\/wp-json\/wp\/v2\/posts\/155378","targetHints":{"allow":["GET"]}}],"collection":[{"href":"https:\/\/corrientesdetarde.com\/index.php\/wp-json\/wp\/v2\/posts"}],"about":[{"href":"https:\/\/corrientesdetarde.com\/index.php\/wp-json\/wp\/v2\/types\/post"}],"author":[{"embeddable":true,"href":"https:\/\/corrientesdetarde.com\/index.php\/wp-json\/wp\/v2\/users\/3"}],"replies":[{"embeddable":true,"href":"https:\/\/corrientesdetarde.com\/index.php\/wp-json\/wp\/v2\/comments?post=155378"}],"version-history":[{"count":1,"href":"https:\/\/corrientesdetarde.com\/index.php\/wp-json\/wp\/v2\/posts\/155378\/revisions"}],"predecessor-version":[{"id":155400,"href":"https:\/\/corrientesdetarde.com\/index.php\/wp-json\/wp\/v2\/posts\/155378\/revisions\/155400"}],"wp:featuredmedia":[{"embeddable":true,"href":"https:\/\/corrientesdetarde.com\/index.php\/wp-json\/wp\/v2\/media\/155379"}],"wp:attachment":[{"href":"https:\/\/corrientesdetarde.com\/index.php\/wp-json\/wp\/v2\/media?parent=155378"}],"wp:term":[{"taxonomy":"category","embeddable":true,"href":"https:\/\/corrientesdetarde.com\/index.php\/wp-json\/wp\/v2\/categories?post=155378"},{"taxonomy":"post_tag","embeddable":true,"href":"https:\/\/corrientesdetarde.com\/index.php\/wp-json\/wp\/v2\/tags?post=155378"}],"curies":[{"name":"wp","href":"https:\/\/api.w.org\/{rel}","templated":true}]}}