{"id":155388,"date":"2024-07-27T10:02:31","date_gmt":"2024-07-27T13:02:31","guid":{"rendered":"https:\/\/corrientesdetarde.com\/?p=155388"},"modified":"2024-07-27T10:02:33","modified_gmt":"2024-07-27T13:02:33","slug":"de-salta-a-corrientes-la-fabrica-de-suenos-llega-al-nea-con-un-mensaje-esperanzador","status":"publish","type":"post","link":"https:\/\/corrientesdetarde.com\/index.php\/informacion-general\/de-salta-a-corrientes-la-fabrica-de-suenos-llega-al-nea-con-un-mensaje-esperanzador\/","title":{"rendered":"De Salta a Corrientes: &#8220;La F\u00e1brica de Sue\u00f1os&#8221; llega al Nea con un mensaje esperanzador"},"content":{"rendered":"\n<p>La obra de la Compa\u00f1\u00eda Teatral Trotamundos se presentar\u00e1 este domingo en el Espacio Mari\u00f1o. Tres de sus integrantes visitaron \u00e9poca y compartieron su experiencia y motivaci\u00f3n, destacando la importancia de transmitir mensajes positivos a trav\u00e9s de sus presentaciones.\u00a0<\/p>\n\n\n\n<figure class=\"wp-block-image\"><img decoding=\"async\" src=\"https:\/\/www.diarioepoca.com\/content\/bucket\/2\/1375642w850h567c.jpg.webp\" alt=\"\"\/><\/figure>\n\n\n\n<p><a target=\"_blank\" rel=\"noreferrer noopener\" href=\"https:\/\/api.whatsapp.com\/send?text=De%20Salta%20a%20Corrientes:%20%22La%20F%C3%A1brica%20de%20Sue%C3%B1os%22%20llega%20al%20Nea%20con%20un%20mensaje%20esperanzador%20-%20https:\/\/www.diarioepoca.com\/1327697-de-salta-a-corrientes-la-fabrica-de-suenos-llega-al-nea-con-un-mensaje-esperanzador?utm_source=WhatsApp%26utm_medium=WhatsApp%26utm_campaign=WhatsApp%26utm_term=WhatsApp\"><\/a><a href=\"https:\/\/www.diarioepoca.com\/1327697-de-salta-a-corrientes-la-fabrica-de-suenos-llega-al-nea-con-un-mensaje-esperanzador#\"><\/a><a href=\"https:\/\/www.diarioepoca.com\/1327697-de-salta-a-corrientes-la-fabrica-de-suenos-llega-al-nea-con-un-mensaje-esperanzador#\"><\/a><\/p>\n\n\n\n<p>La Compa\u00f1\u00eda Teatral Trotamundos llega a Corrientes este 28 de julio con &#8220;La f\u00e1brica de sue\u00f1os&#8221;, una obra que promete sorprender a las familias y dejar un mensaje positivo y esperanzador a los presentes. Ser\u00e1 en el Espacio Mari\u00f1o y las entradas se encuentran a la venta.<\/p>\n\n\n\n<p>En pocos meses, el espect\u00e1culo ha conquistado el coraz\u00f3n de los ni\u00f1os salte\u00f1os, donde m\u00e1s de diez mil personas fueron testigos de la magia que ahora los trae al Nea con muchas expectativas.&nbsp; &#8220;Ya estamos ansiosos&#8221;, adelantaron.<\/p>\n\n\n\n<p>En di\u00e1logo con \u00e9poca, los actores Maximiliano, Gonzalo y Facundo contaron sobre la importancia de llevar un mensaje esperanzador a los chicos. En la obra abordan temas como el bullying, por lo que resaltan que en un contexto que a veces se vuelve hostil para los menores, incentivarlos a confiar en ellos y creer en sus sue\u00f1os se transforma en un gesto de amor y transformaci\u00f3n.&nbsp;<\/p>\n\n\n\n<p>&#8220;Nosotros tenemos una responsabilidad muy grande al trabajar con las infancias, porque es donde uno forma su personalidad y forja su car\u00e1cter tambi\u00e9n, entonces poder acercarnos y brindar un mensaje positivo e inspirador hacia ellos nos parece fundamental. Uno nunca sabe c\u00f3mo puede influir en el otro lo que uno hace&#8221;.&nbsp;<\/p>\n\n\n\n<figure class=\"wp-block-image\"><img decoding=\"async\" src=\"https:\/\/www.diarioepoca.com\/content\/bucket\/1\/1375641w790h852c.jpg.webp\" alt=\"\"\/><\/figure>\n\n\n\n<p>Los j\u00f3venes son conscientes del impacto de su trabajo, al finalizar cada show &#8220;caemos en la emoci\u00f3n y el cari\u00f1o que recibimos de los ni\u00f1os, vienen y nos abrazan con total confianza. Incluso han venido varias veces al espect\u00e1culo, una vez una ni\u00f1a cont\u00f3 que logr\u00f3 conocer a su artista favorito y nos dijo \u2018ten\u00edas raz\u00f3n, si se cumplen\u2019, es emocionante&#8221;, relatan.<\/p>\n\n\n\n<p>Es que incluso para ellos el sue\u00f1o se volvi\u00f3 real. La compa\u00f1\u00eda es autogestiva por lo que, con sus propias ganancias, lograron viajar hasta el litoral para llegar con alegr\u00eda y dulzura a los escenarios correntinos. &#8220;Nosotros nos dedicamos a esto, y queremos que sea nuestro sustento de cada d\u00eda, nos perfeccionamos y trabajamos mucho para lograrlo. Es un ejemplo de que, aunque cueste, es posible&#8221;, sostienen. &nbsp;<\/p>\n\n\n\n<p>&#8220;Nuestra meta es que esto siga creciendo, que lleguemos a m\u00e1s instituciones educativas, que recorramos el pa\u00eds, que contemos con m\u00e1s obras para seguir consolidando al equipo, que es un grupo humano muy bueno. Creo que eso es lo mejor, el apoyo y la confianza que tenemos en cada uno&#8221;.<\/p>\n\n\n\n<p>&nbsp;Dedicarse a lo que uno ama es un sin duda una fortuna, y los artistas sostienen que es gratificante lograr su cometido: &#8220;Es buscar la manera de ser feliz de verdad y no solamente cumplir los sue\u00f1os, sino vivirlos&#8221;.<\/p>\n\n\n\n<p>Tambi\u00e9n destacaron que se trata de persistir: &#8220;Para la gente que reci\u00e9n empieza, trabajando con disciplina y correspondiendo a tu preparaci\u00f3n, seguir creciendo, eso es lo que te va a permitir que llegues a los estratos m\u00e1s altos. No hay que darse por vencidos&#8221;.<\/p>\n\n\n\n<h3 class=\"wp-block-heading\">Sobre la obra<\/h3>\n\n\n\n<p>La f\u00e1brica de sue\u00f1os habla sobre el gobernador de Maktub que, corriendo el a\u00f1o 1888, en plena segunda revoluci\u00f3n industrial, convoca a un concurso donde premiar\u00e1 con un reconocimiento de una vida privelegiada y llena de lujos a quien presente la invenci\u00f3n m\u00e1s creativa del pueblo. Es entonces que el peque\u00f1o Juanito, junto a su mejor amiga Luz y su amigo imaginario Dreamy, comienzan a idear un gran sue\u00f1o que los llevar\u00e1 a contar con el apoyo del pap\u00e1 del primero, el Se\u00f1or Bosk, quien solo busca cuidar a los chicos y alentarlos en sus sue\u00f1os.<\/p>\n\n\n\n<p>En esta aventura llena de colores, m\u00fasica, acrobacias y experiencias, van a tener que lidiar con la maldad de Envedia Fortuny, quien va a intentar con todas sus fuerzas destrozar los sue\u00f1os de Juanito y Luz, pero como todos sabemos, no existe nada que detenga el poder de so\u00f1ar.<\/p>\n\n\n\n<h3 class=\"wp-block-heading\">Entradas<\/h3>\n\n\n\n<p>La obra de la compa\u00f1\u00eda Teatral Trotamundos se presentar\u00e1 esre domingo, a las 18, en el Espacio Mari\u00f1o ubicado en Santa Fe 847. Las entradas pueden adquirirse en puerta o bien comunicandose al 3875 326205.&nbsp;<\/p>\n\n\n\n<p><\/p>\n","protected":false},"excerpt":{"rendered":"<p>La obra de la Compa\u00f1\u00eda Teatral Trotamundos se presentar\u00e1 este domingo en el Espacio Mari\u00f1o. Tres de sus integrantes visitaron \u00e9poca y compartieron su experiencia y motivaci\u00f3n, destacando la importancia&hellip; <\/p>\n","protected":false},"author":3,"featured_media":155397,"comment_status":"closed","ping_status":"open","sticky":false,"template":"","format":"standard","meta":{"footnotes":""},"categories":[15,1],"tags":[],"class_list":["post-155388","post","type-post","status-publish","format-standard","has-post-thumbnail","hentry","category-cultura","category-informacion-general"],"_links":{"self":[{"href":"https:\/\/corrientesdetarde.com\/index.php\/wp-json\/wp\/v2\/posts\/155388","targetHints":{"allow":["GET"]}}],"collection":[{"href":"https:\/\/corrientesdetarde.com\/index.php\/wp-json\/wp\/v2\/posts"}],"about":[{"href":"https:\/\/corrientesdetarde.com\/index.php\/wp-json\/wp\/v2\/types\/post"}],"author":[{"embeddable":true,"href":"https:\/\/corrientesdetarde.com\/index.php\/wp-json\/wp\/v2\/users\/3"}],"replies":[{"embeddable":true,"href":"https:\/\/corrientesdetarde.com\/index.php\/wp-json\/wp\/v2\/comments?post=155388"}],"version-history":[{"count":1,"href":"https:\/\/corrientesdetarde.com\/index.php\/wp-json\/wp\/v2\/posts\/155388\/revisions"}],"predecessor-version":[{"id":155421,"href":"https:\/\/corrientesdetarde.com\/index.php\/wp-json\/wp\/v2\/posts\/155388\/revisions\/155421"}],"wp:featuredmedia":[{"embeddable":true,"href":"https:\/\/corrientesdetarde.com\/index.php\/wp-json\/wp\/v2\/media\/155397"}],"wp:attachment":[{"href":"https:\/\/corrientesdetarde.com\/index.php\/wp-json\/wp\/v2\/media?parent=155388"}],"wp:term":[{"taxonomy":"category","embeddable":true,"href":"https:\/\/corrientesdetarde.com\/index.php\/wp-json\/wp\/v2\/categories?post=155388"},{"taxonomy":"post_tag","embeddable":true,"href":"https:\/\/corrientesdetarde.com\/index.php\/wp-json\/wp\/v2\/tags?post=155388"}],"curies":[{"name":"wp","href":"https:\/\/api.w.org\/{rel}","templated":true}]}}