{"id":155629,"date":"2024-07-28T21:20:37","date_gmt":"2024-07-29T00:20:37","guid":{"rendered":"https:\/\/corrientesdetarde.com\/?p=155629"},"modified":"2024-07-28T21:20:41","modified_gmt":"2024-07-29T00:20:41","slug":"gabriela-sabatini-volvio-a-las-redes-tras-la-polemica-por-su-ausencia-en-el-casamiento-de-su-sobrina","status":"publish","type":"post","link":"https:\/\/corrientesdetarde.com\/index.php\/deportes\/gabriela-sabatini-volvio-a-las-redes-tras-la-polemica-por-su-ausencia-en-el-casamiento-de-su-sobrina\/","title":{"rendered":"Gabriela Sabatini volvi\u00f3 a las redes tras la pol\u00e9mica por su ausencia en el casamiento de su sobrina."},"content":{"rendered":"\n<h2 class=\"wp-block-heading\">La extenista reapareci\u00f3 en Instagram, en medio de su llamativo faltazo a la boda de la hija mayor de Ova Sabatini y Catherine Fulop.<\/h2>\n\n\n\n<p>Una semana despu\u00e9s de\u00a0la gran boda de\u00a0<strong>Oriana Sabatini\u00a0<\/strong>y\u00a0<strong>Paulo Dybala<\/strong>en Exaltaci\u00f3n de la Cruz, que cont\u00f3 con m\u00e1s de 300 invitados y figuras internacionales como Tini Stoessel, Duki, Ricky Montaner y Rodrigo de Paul, la ausencia m\u00e1s comentada fue la de<strong>\u00a0Gabriela Sabatini<\/strong>. Fue\u00a0<strong>Ova Sabatini<\/strong>, su hermano y padre de la cantante,\u00a0quien lament\u00f3 la decisi\u00f3n de la extenista\u00a0y alent\u00f3 los rumores de distanciamiento y peleas en la familia. Ahora, la legendaria deportista reapareci\u00f3 en las redes.<\/p>\n\n\n\n<p>Despu\u00e9s del casamiento de su sobrina y de todas las especulaciones que se tejieron sobre su faltazo, Gaby volvi\u00f3 a las redes a prop\u00f3sito del comienzo de las&nbsp;<strong>Juegos Ol\u00edmpicos de Par\u00eds 2024.&nbsp;<\/strong>En su cuenta de Instagram replic\u00f3 un posteo que recordaba el destacado lugar que tuvo en la historia del megaevento deportivo. \u201cNo est\u00e1 de m\u00e1s recordar que en toda la historia de los Juegos Ol\u00edmpicos, s\u00f3lo una vez un\/a tenista fue designado\/a como abanderado\/a de Argentina \u00bfLa elegida? Ni m\u00e1s ni menos que la gran Gabriela Sabatini en Se\u00fal 1988, a\u00f1o en el que se qued\u00f3 con la medalla plateada\u201d, mencion\u00f3 la cuenta Tenistas Argentinas, posteo al que ella le dedic\u00f3 un coraz\u00f3n con los colores patrios.<\/p>\n\n\n\n<p><img loading=\"lazy\" decoding=\"async\" height=\"925\" width=\"538\" srcset=\"https:\/\/www.infobae.com\/new-resizer\/EITEZNo1X7JXUgWlYhk5xZhacsg=\/420x747\/filters:format(webp):quality(85)\/cloudfront-us-east-1.images.arcpublishing.com\/infobae\/EDRNJA2MGFCKFDC3GKG2IE7K64.PNG 420w,https:\/\/www.infobae.com\/new-resizer\/oX81BZ1uzUNJfRD0-6fm7wi28Lk=\/768x1365\/filters:format(webp):quality(85)\/cloudfront-us-east-1.images.arcpublishing.com\/infobae\/EDRNJA2MGFCKFDC3GKG2IE7K64.PNG 768w,https:\/\/www.infobae.com\/new-resizer\/V2ALWreyyyQNM1ABtQll3AvxUN4=\/992x1764\/filters:format(webp):quality(85)\/cloudfront-us-east-1.images.arcpublishing.com\/infobae\/EDRNJA2MGFCKFDC3GKG2IE7K64.PNG 992w,https:\/\/www.infobae.com\/new-resizer\/TmjtM8tsfMVApj8EfFAR320oWac=\/1200x2133\/filters:format(webp):quality(85)\/cloudfront-us-east-1.images.arcpublishing.com\/infobae\/EDRNJA2MGFCKFDC3GKG2IE7K64.PNG 1200w\" class=\"\" src=\"https:\/\/www.infobae.com\/new-resizer\/EITEZNo1X7JXUgWlYhk5xZhacsg=\/420x747\/filters:format(webp):quality(85)\/cloudfront-us-east-1.images.arcpublishing.com\/infobae\/EDRNJA2MGFCKFDC3GKG2IE7K64.PNG%20420w\" alt=\"El primer posteo de Gabriela Sabatini tras la pol\u00e9mica por la boda de Oriana y Paula Dybala.: record\u00f3 su hist\u00f3rico paso por los Juegos Ol\u00edmpicos de Se\u00fal 1988 (Instagram\/ Sabatinigaby)\"><\/p>\n\n\n\n<p>El primer posteo de Gabriela Sabatini tras la pol\u00e9mica por la boda de Oriana y Paula Dybala.: record\u00f3 su hist\u00f3rico paso por los Juegos Ol\u00edmpicos de Se\u00fal 1988 (Instagram\/ Sabatinigaby)<\/p>\n\n\n\n<p>Pero no fue todo. Completamente alejada de todo lo que se habl\u00f3 las \u00faltimas semanas sobre el v\u00ednculo que tiene con su hermano y su familia, sobre todo tras\u00a0la muerte de su madre Beatriz Gar\u00f3falo, la destacada deportista tambi\u00e9n reposte\u00f3 a la Asociaci\u00f3n Argentina de Tenis, quien comparti\u00f3 im\u00e1genes de los representantes de nuestro pa\u00eds en Francia.\u00a0<strong>\u201c\u00a1Vamos con todo, equipo argentino!\u201d<\/strong>, alent\u00f3 Gabriela a los tenistas Sebasti\u00e1n B\u00e1ez, Francisco Cerundolo, Mariano Navone, Nadia Podoroska, Mar\u00eda Lourdes Carle, Tom\u00e1s Etcheverry, Andr\u00e9s Molteni, M\u00e1ximo Gonz\u00e1lez.<\/p>\n\n\n\n<p>Dos d\u00edas antes de la fiesta de la cantante con el jugador de f\u00fatbol, luego de especulaciones e idas y vueltas sobre la asistencia de la extenista a la celebraci\u00f3n, Ova Sabatini habl\u00f3 en&nbsp;<em>Socios del espect\u00e1culo<\/em>. En una conversaci\u00f3n telef\u00f3nica con el ciclo de El Trece, en donde tambi\u00e9n se refiri\u00f3 a su relaci\u00f3n con su futuro yerno y a la tristeza por no tener en vida a sus padres, el empresario hizo frente a la pregunta que todos se hac\u00edan en la previa: \u201c\u00bfTe jode que haya tanta pol\u00e9mica con la venida o no de tu hermana a la boda?\u201d, lo consult\u00f3 Rodrigo Lussich, uno de los conductores del programa.<\/p>\n\n\n\n<p><img loading=\"lazy\" decoding=\"async\" height=\"947\" width=\"537\" srcset=\"https:\/\/www.infobae.com\/new-resizer\/OShOD2QzXItueheAQsr3X-Jur_Y=\/420x747\/filters:format(webp):quality(85)\/cloudfront-us-east-1.images.arcpublishing.com\/infobae\/PGEWSEYDVNCIBFIHSMKQMWPHAE.PNG 420w,https:\/\/www.infobae.com\/new-resizer\/CO1nNHwvP8qSrTBC1LwcgK7oM-8=\/768x1365\/filters:format(webp):quality(85)\/cloudfront-us-east-1.images.arcpublishing.com\/infobae\/PGEWSEYDVNCIBFIHSMKQMWPHAE.PNG 768w,https:\/\/www.infobae.com\/new-resizer\/A_WlJNzBzFKSDUdKmKl111nLeVk=\/992x1764\/filters:format(webp):quality(85)\/cloudfront-us-east-1.images.arcpublishing.com\/infobae\/PGEWSEYDVNCIBFIHSMKQMWPHAE.PNG 992w,https:\/\/www.infobae.com\/new-resizer\/JtusXTS7wC3vWXS6Psr_TXfaaf8=\/1200x2133\/filters:format(webp):quality(85)\/cloudfront-us-east-1.images.arcpublishing.com\/infobae\/PGEWSEYDVNCIBFIHSMKQMWPHAE.PNG 1200w\" class=\"\" src=\"https:\/\/www.infobae.com\/new-resizer\/OShOD2QzXItueheAQsr3X-Jur_Y=\/420x747\/filters:format(webp):quality(85)\/cloudfront-us-east-1.images.arcpublishing.com\/infobae\/PGEWSEYDVNCIBFIHSMKQMWPHAE.PNG%20420w\" alt=\"El mensaje de Gabriela Sabatini para los tenistas argentinos en los Juegos Ol\u00edmpicos de Par\u00eds 2024 (Instagram\/ Gabysabatini)\"><\/p>\n\n\n\n<p>El mensaje de Gabriela Sabatini para los tenistas argentinos en los Juegos Ol\u00edmpicos de Par\u00eds 2024 (Instagram\/ Gabysabatini)<\/p>\n\n\n\n<p><strong>\u201cNo me gusta, pero entiendo c\u00f3mo es esto y sab\u00eda que iba a pasar\u201d,<\/strong>\u00a0contest\u00f3 Ova, con cierta incomodidad. \u201c\u00bfY no va a venir?\u201d, insisti\u00f3 el periodista. \u201cDe verdad, no quiero hablar del tema\u201d, replic\u00f3 Sabatini, luego de un instante de silencio. \u201cS\u00ed, les voy a decir que no va a venir. Para m\u00ed es un tema muy, muy triste y me quiero enfocar en la felicidad. Tengo que aceptar el hecho y seguir adelante\u201d, sentenci\u00f3, con un dejo de resignaci\u00f3n. Y cerr\u00f3 el tema con optimismo: \u201cYa se solucionar\u00e1n las cosas\u201d.<\/p>\n\n\n\n<p>Unos d\u00edas antes,\u00a0Catherine Fulop hab\u00eda dado cuenta de las dudas sobre la presencia de Gabriela en el casamiento. \u201cCon mi cu\u00f1ada la mejor pero, como todos sabemos, siempre fue una persona s\u00faper reservada, especial y que tiene sus tiempos. Siempre con las puertas abiertas porque es la m\u00e1s bella y divina, as\u00ed que nosotros la estamos esperando con los brazos abiertos\u201d, se\u00f1al\u00f3 en LAM.<\/p>\n\n\n\n<p>All\u00ed sorprendi\u00f3 con una revelaci\u00f3n personal: \u201cNunca habl\u00e9 con Gaby en toda mi vida, y tengo 30 a\u00f1os con mi marido. Nunca la llamo porque no soy amiga, soy su cu\u00f1ada. La amo, cuando viene a mi casa es a cuerpo de rey, feliz de recibirla, pero no soy amiga de llamarla\u201d.<\/p>\n\n\n\n<p><em>Fuente: Infobae.<\/em><\/p>\n","protected":false},"excerpt":{"rendered":"<p>La extenista reapareci\u00f3 en Instagram, en medio de su llamativo faltazo a la boda de la hija mayor de Ova Sabatini y Catherine Fulop. Una semana despu\u00e9s de\u00a0la gran boda&hellip; <\/p>\n","protected":false},"author":6,"featured_media":155630,"comment_status":"closed","ping_status":"open","sticky":false,"template":"","format":"standard","meta":{"footnotes":""},"categories":[4],"tags":[],"class_list":["post-155629","post","type-post","status-publish","format-standard","has-post-thumbnail","hentry","category-deportes"],"_links":{"self":[{"href":"https:\/\/corrientesdetarde.com\/index.php\/wp-json\/wp\/v2\/posts\/155629","targetHints":{"allow":["GET"]}}],"collection":[{"href":"https:\/\/corrientesdetarde.com\/index.php\/wp-json\/wp\/v2\/posts"}],"about":[{"href":"https:\/\/corrientesdetarde.com\/index.php\/wp-json\/wp\/v2\/types\/post"}],"author":[{"embeddable":true,"href":"https:\/\/corrientesdetarde.com\/index.php\/wp-json\/wp\/v2\/users\/6"}],"replies":[{"embeddable":true,"href":"https:\/\/corrientesdetarde.com\/index.php\/wp-json\/wp\/v2\/comments?post=155629"}],"version-history":[{"count":1,"href":"https:\/\/corrientesdetarde.com\/index.php\/wp-json\/wp\/v2\/posts\/155629\/revisions"}],"predecessor-version":[{"id":155631,"href":"https:\/\/corrientesdetarde.com\/index.php\/wp-json\/wp\/v2\/posts\/155629\/revisions\/155631"}],"wp:featuredmedia":[{"embeddable":true,"href":"https:\/\/corrientesdetarde.com\/index.php\/wp-json\/wp\/v2\/media\/155630"}],"wp:attachment":[{"href":"https:\/\/corrientesdetarde.com\/index.php\/wp-json\/wp\/v2\/media?parent=155629"}],"wp:term":[{"taxonomy":"category","embeddable":true,"href":"https:\/\/corrientesdetarde.com\/index.php\/wp-json\/wp\/v2\/categories?post=155629"},{"taxonomy":"post_tag","embeddable":true,"href":"https:\/\/corrientesdetarde.com\/index.php\/wp-json\/wp\/v2\/tags?post=155629"}],"curies":[{"name":"wp","href":"https:\/\/api.w.org\/{rel}","templated":true}]}}