{"id":155634,"date":"2024-07-28T21:56:21","date_gmt":"2024-07-29T00:56:21","guid":{"rendered":"https:\/\/corrientesdetarde.com\/?p=155634"},"modified":"2024-07-28T21:56:25","modified_gmt":"2024-07-29T00:56:25","slug":"cordoba-un-temblor-se-sintio-en-varios-lugares-de-la-provincia","status":"publish","type":"post","link":"https:\/\/corrientesdetarde.com\/index.php\/informacion-general\/cordoba-un-temblor-se-sintio-en-varios-lugares-de-la-provincia\/","title":{"rendered":"C\u00f3rdoba: Un temblor se sinti\u00f3 en varios lugares de la provincia."},"content":{"rendered":"\n<h2 class=\"wp-block-heading\">Ocurri\u00f3 este domingo a la tarde, a las 18.06. Fue de 3\u00b0 en la escala de Richter. El epicentro se registr\u00f3 32 kil\u00f3metros al oeste de la capital.<\/h2>\n\n\n\n<p>Un\u00a0temblor\u00a0se registr\u00f3 este domingo a la tarde en\u00a0C\u00f3rdoba\u00a0y el movimiento tel\u00farico se sinti\u00f3 con fuerza en distintos lugares de la provincia.<\/p>\n\n\n\n<p>Seg\u00fan lo informado por el Instituto Nacional de Prevenci\u00f3n S\u00edsmica (INPRES), el sismo sucedi\u00f3 a las 18.06.<\/p>\n\n\n\n<p>\u201cEl epicentro fue 21 kil\u00f3metros al norte de Alta Gracia, 32 kil\u00f3metros al oeste de la capital provincial y 44 kil\u00f3metros al sur de La Falda\u201d, indic\u00f3 el INPRES en su portal de internet.<\/p>\n\n\n\n<p>La profundidad del temblor fue de 8 kil\u00f3metros.<\/p>\n\n\n\n<figure class=\"wp-block-image\"><img decoding=\"async\" src=\"https:\/\/www.cadena3.com\/admin\/playerswf\/fotos\/ARCHI_1261773.jpg\" alt=\"\"\/><\/figure>\n\n\n\n<p><\/p>\n","protected":false},"excerpt":{"rendered":"<p>Ocurri\u00f3 este domingo a la tarde, a las 18.06. Fue de 3\u00b0 en la escala de Richter. El epicentro se registr\u00f3 32 kil\u00f3metros al oeste de la capital. Un\u00a0temblor\u00a0se registr\u00f3&hellip; <\/p>\n","protected":false},"author":6,"featured_media":155638,"comment_status":"closed","ping_status":"open","sticky":false,"template":"","format":"standard","meta":{"footnotes":""},"categories":[1],"tags":[],"class_list":["post-155634","post","type-post","status-publish","format-standard","has-post-thumbnail","hentry","category-informacion-general"],"_links":{"self":[{"href":"https:\/\/corrientesdetarde.com\/index.php\/wp-json\/wp\/v2\/posts\/155634","targetHints":{"allow":["GET"]}}],"collection":[{"href":"https:\/\/corrientesdetarde.com\/index.php\/wp-json\/wp\/v2\/posts"}],"about":[{"href":"https:\/\/corrientesdetarde.com\/index.php\/wp-json\/wp\/v2\/types\/post"}],"author":[{"embeddable":true,"href":"https:\/\/corrientesdetarde.com\/index.php\/wp-json\/wp\/v2\/users\/6"}],"replies":[{"embeddable":true,"href":"https:\/\/corrientesdetarde.com\/index.php\/wp-json\/wp\/v2\/comments?post=155634"}],"version-history":[{"count":1,"href":"https:\/\/corrientesdetarde.com\/index.php\/wp-json\/wp\/v2\/posts\/155634\/revisions"}],"predecessor-version":[{"id":155639,"href":"https:\/\/corrientesdetarde.com\/index.php\/wp-json\/wp\/v2\/posts\/155634\/revisions\/155639"}],"wp:featuredmedia":[{"embeddable":true,"href":"https:\/\/corrientesdetarde.com\/index.php\/wp-json\/wp\/v2\/media\/155638"}],"wp:attachment":[{"href":"https:\/\/corrientesdetarde.com\/index.php\/wp-json\/wp\/v2\/media?parent=155634"}],"wp:term":[{"taxonomy":"category","embeddable":true,"href":"https:\/\/corrientesdetarde.com\/index.php\/wp-json\/wp\/v2\/categories?post=155634"},{"taxonomy":"post_tag","embeddable":true,"href":"https:\/\/corrientesdetarde.com\/index.php\/wp-json\/wp\/v2\/tags?post=155634"}],"curies":[{"name":"wp","href":"https:\/\/api.w.org\/{rel}","templated":true}]}}