{"id":155640,"date":"2024-07-28T21:58:45","date_gmt":"2024-07-29T00:58:45","guid":{"rendered":"https:\/\/corrientesdetarde.com\/?p=155640"},"modified":"2024-07-28T21:58:57","modified_gmt":"2024-07-29T00:58:57","slug":"violento-tiroteo-entre-remiseros-en-la-salada","status":"publish","type":"post","link":"https:\/\/corrientesdetarde.com\/index.php\/policiales\/violento-tiroteo-entre-remiseros-en-la-salada\/","title":{"rendered":"Violento tiroteo entre remiseros en La Salada."},"content":{"rendered":"\n<h2 class=\"wp-block-heading\">El tiroteo ocurri\u00f3 en la esquina de Virgilio y Camino de la Ribera, en pleno centro de la feria, y fue captado en video por un comerciante local.<\/h2>\n\n\n\n<p>Un violento\u00a0<strong>enfrentamiento a tiros\u00a0entre dos grupos de remiseros en la feria La Salada<\/strong>, en\u00a0<strong>Ingeniero Budge<\/strong>, dej\u00f3\u00a0<strong>tres heridos<\/strong>\u00a0el s\u00e1bado al mediod\u00eda.<\/p>\n\n\n\n<p>El\u00a0<strong>tiroteo<\/strong>\u00a0ocurri\u00f3 en la\u00a0<strong>esquina de Virgilio y Camino de la Ribera,<\/strong>\u00a0en pleno centro de la feria, y fue captado en video por un comerciante local.<\/p>\n\n\n\n<p>En las im\u00e1genes se observa a\u00a0<strong>uno de los remiseros disparando a quemarropa contra el otro grupo,<\/strong>\u00a0con al menos\u00a0<strong>nueve balazos<\/strong>. Despu\u00e9s de disparar, el agresor se alej\u00f3 caminando.<\/p>\n\n\n\n<h2 class=\"wp-block-heading\">Violento tiroteo entre remiseros en La Salada: tres personas terminaron heridas<\/h2>\n\n\n\n<p>Seg\u00fan informaron fuentes policiales,&nbsp;<strong>tres hombres de 27, 32 y 33 a\u00f1os resultaron heridos&nbsp;<\/strong>y fueron trasladados al&nbsp;<strong>Hospital Allende<\/strong>;&nbsp;<strong>todos tienen heridas en brazos y piernas, pero su vida no corre peligro<\/strong>.<\/p>\n\n\n\n<p>La disputa detr\u00e1s del tiroteo se debi\u00f3 a un&nbsp;<strong>conflicto por el control de la esquina donde ocurri\u00f3 el ataque<\/strong>. Ambos grupos buscaban ser los \u00fanicos en trabajar en ese punto de la feria, lo que llev\u00f3 a la violencia en un d\u00eda con gran afluencia de p\u00fablico.<\/p>\n\n\n\n<p>La investigaci\u00f3n est\u00e1 a cargo de la<strong>&nbsp;fiscal Carla Furingo, de la Unidad Fiscal de Investigaci\u00f3n (UFI) N\u00b01 de Lomas de Zamora<\/strong>, que calific\u00f3 el caso como&nbsp;<strong>\u201cabuso de arma y lesiones\u201d<\/strong>. Aunque el agresor podr\u00eda ser identificado gracias al video que circul\u00f3 en redes sociales, hasta el momento no se realizaron detenciones.<\/p>\n\n\n\n<ul class=\"wp-block-list\"><\/ul>\n","protected":false},"excerpt":{"rendered":"<p>El tiroteo ocurri\u00f3 en la esquina de Virgilio y Camino de la Ribera, en pleno centro de la feria, y fue captado en video por un comerciante local. Un violento\u00a0enfrentamiento&hellip; <\/p>\n","protected":false},"author":6,"featured_media":155643,"comment_status":"closed","ping_status":"open","sticky":false,"template":"","format":"standard","meta":{"footnotes":""},"categories":[33],"tags":[],"class_list":["post-155640","post","type-post","status-publish","format-standard","has-post-thumbnail","hentry","category-policiales"],"_links":{"self":[{"href":"https:\/\/corrientesdetarde.com\/index.php\/wp-json\/wp\/v2\/posts\/155640","targetHints":{"allow":["GET"]}}],"collection":[{"href":"https:\/\/corrientesdetarde.com\/index.php\/wp-json\/wp\/v2\/posts"}],"about":[{"href":"https:\/\/corrientesdetarde.com\/index.php\/wp-json\/wp\/v2\/types\/post"}],"author":[{"embeddable":true,"href":"https:\/\/corrientesdetarde.com\/index.php\/wp-json\/wp\/v2\/users\/6"}],"replies":[{"embeddable":true,"href":"https:\/\/corrientesdetarde.com\/index.php\/wp-json\/wp\/v2\/comments?post=155640"}],"version-history":[{"count":1,"href":"https:\/\/corrientesdetarde.com\/index.php\/wp-json\/wp\/v2\/posts\/155640\/revisions"}],"predecessor-version":[{"id":155644,"href":"https:\/\/corrientesdetarde.com\/index.php\/wp-json\/wp\/v2\/posts\/155640\/revisions\/155644"}],"wp:featuredmedia":[{"embeddable":true,"href":"https:\/\/corrientesdetarde.com\/index.php\/wp-json\/wp\/v2\/media\/155643"}],"wp:attachment":[{"href":"https:\/\/corrientesdetarde.com\/index.php\/wp-json\/wp\/v2\/media?parent=155640"}],"wp:term":[{"taxonomy":"category","embeddable":true,"href":"https:\/\/corrientesdetarde.com\/index.php\/wp-json\/wp\/v2\/categories?post=155640"},{"taxonomy":"post_tag","embeddable":true,"href":"https:\/\/corrientesdetarde.com\/index.php\/wp-json\/wp\/v2\/tags?post=155640"}],"curies":[{"name":"wp","href":"https:\/\/api.w.org\/{rel}","templated":true}]}}