{"id":155701,"date":"2024-07-29T10:36:44","date_gmt":"2024-07-29T13:36:44","guid":{"rendered":"https:\/\/corrientesdetarde.com\/?p=155701"},"modified":"2024-07-29T10:37:01","modified_gmt":"2024-07-29T13:37:01","slug":"las-62-organizaciones-conmemoraron-un-nuevo-aniversario-del-paso-a-la-inmortalidad-de-evita-con-la-obra-de-esther-goris","status":"publish","type":"post","link":"https:\/\/corrientesdetarde.com\/index.php\/politica\/las-62-organizaciones-conmemoraron-un-nuevo-aniversario-del-paso-a-la-inmortalidad-de-evita-con-la-obra-de-esther-goris\/","title":{"rendered":"LAS 62 ORGANIZACIONES CONMEMORARON UN NUEVO ANIVERSARIO DEL PASO A LA INMORTALIDAD DE EVITA CON LA OBRA DE ESTHER GORIS"},"content":{"rendered":"\n<p>(Pablo Roma, Gremiales) &#8211; Las 62 Organizaciones recordaron a Evita al cumplirse, este viernes 26 de julio, los 72 a\u00f1os de su paso a la inmortalidad. Primero llevaron una ofrenda floral al cementerio de La Recolet,a donde descansa, como suele ser su costumbre cada a\u00f1o. Adem\u00e1s, recibieron en la sede gremial de las propias \u201cSeis Dos\u201d a la actriz Esther Goris quien interpret\u00f3 para una platea gremial la obra \u201cEvita: la m\u00e1s amada, la m\u00e1s odiada\u201d.<\/p>\n\n\n\n<p>\u201cHicimos un acto conmemorando el 72 aniversario del fallecimiento de Evita\u201d, le dijo Jos\u00e9 Ibarra. \u201cHoy quisimos hacer algo distinto para la juventud, para las compa\u00f1eras y para los militantes. Por eso trajimos la obra de Esther Goris, la actriz m\u00e1s elevada en la interpretaci\u00f3n de Evita\u201d, a\u00f1adi\u00f3.<\/p>\n\n\n\n<p><img loading=\"lazy\" decoding=\"async\" width=\"150\" height=\"100\" class=\"wp-image-155703\" style=\"width: 150px;\" src=\"https:\/\/corrientesdetarde.com\/wp-content\/uploads\/2024\/07\/ibarra-moviles-dia-evita.jpeg\" alt=\"\" srcset=\"https:\/\/corrientesdetarde.com\/wp-content\/uploads\/2024\/07\/ibarra-moviles-dia-evita.jpeg 1152w, https:\/\/corrientesdetarde.com\/wp-content\/uploads\/2024\/07\/ibarra-moviles-dia-evita-300x200.jpeg 300w, https:\/\/corrientesdetarde.com\/wp-content\/uploads\/2024\/07\/ibarra-moviles-dia-evita-1024x683.jpeg 1024w, https:\/\/corrientesdetarde.com\/wp-content\/uploads\/2024\/07\/ibarra-moviles-dia-evita-768x512.jpeg 768w\" sizes=\"auto, (max-width: 150px) 100vw, 150px\" \/><\/p>\n\n\n\n<p>\u201cFue algo muy diferentes a lo que podemos ver diariamente. Contamos con la presencia de muchos compa\u00f1eros\u201d, remarc\u00f3 Ibarra que no dud\u00f3 en catalogar de \u201ccompa\u00f1era, conductora y l\u00edder\u201d a Evita.<\/p>\n\n\n\n<p>En la previa al encuentro, Ibarra reclam\u00f3 que el gobierno abra una mesa de di\u00e1logo real, y que no imponga las medidas que afectan a los trabajadores, como el impuesto a las Ganancias o una reforma laboral que &#8220;no va a generar m\u00e1s empleo&#8221;. Remarc\u00f3 que &#8220;la situaci\u00f3n es cr\u00edtica, porque no se ve una reactivaci\u00f3n, la industria se est\u00e1 cayendo y no hay consumo interno, al tiempo que las empresas despiden y suspenden al personal&#8221;. Por otra parte, reclam\u00f3 a la CGT que &#8220;defienda la situaci\u00f3n de las obras sociales en su conjunto, y no solo las llamadas grande&#8221; y explic\u00f3 que &#8220;las llamadas obras sociales chicas, que hacemos una gran tarea no vamos a recibir el fondo compensador, afectando la atenci\u00f3n de nuestros afiliados&#8221;.<\/p>\n\n\n\n<p>Las 62 Organizaciones, hist\u00f3rico brazo pol\u00edtico del movimiento obrero, nuclea m\u00e1s de 50 gremios y se encuentra en proceso de normalizaci\u00f3n de todas sus regionales del pa\u00eds.<\/p>\n","protected":false},"excerpt":{"rendered":"<p>(Pablo Roma, Gremiales) &#8211; Las 62 Organizaciones recordaron a Evita al cumplirse, este viernes 26 de julio, los 72 a\u00f1os de su paso a la inmortalidad. Primero llevaron una ofrenda&hellip; <\/p>\n","protected":false},"author":11,"featured_media":155702,"comment_status":"closed","ping_status":"open","sticky":false,"template":"","format":"standard","meta":{"footnotes":""},"categories":[3],"tags":[],"class_list":["post-155701","post","type-post","status-publish","format-standard","has-post-thumbnail","hentry","category-politica"],"_links":{"self":[{"href":"https:\/\/corrientesdetarde.com\/index.php\/wp-json\/wp\/v2\/posts\/155701","targetHints":{"allow":["GET"]}}],"collection":[{"href":"https:\/\/corrientesdetarde.com\/index.php\/wp-json\/wp\/v2\/posts"}],"about":[{"href":"https:\/\/corrientesdetarde.com\/index.php\/wp-json\/wp\/v2\/types\/post"}],"author":[{"embeddable":true,"href":"https:\/\/corrientesdetarde.com\/index.php\/wp-json\/wp\/v2\/users\/11"}],"replies":[{"embeddable":true,"href":"https:\/\/corrientesdetarde.com\/index.php\/wp-json\/wp\/v2\/comments?post=155701"}],"version-history":[{"count":2,"href":"https:\/\/corrientesdetarde.com\/index.php\/wp-json\/wp\/v2\/posts\/155701\/revisions"}],"predecessor-version":[{"id":155705,"href":"https:\/\/corrientesdetarde.com\/index.php\/wp-json\/wp\/v2\/posts\/155701\/revisions\/155705"}],"wp:featuredmedia":[{"embeddable":true,"href":"https:\/\/corrientesdetarde.com\/index.php\/wp-json\/wp\/v2\/media\/155702"}],"wp:attachment":[{"href":"https:\/\/corrientesdetarde.com\/index.php\/wp-json\/wp\/v2\/media?parent=155701"}],"wp:term":[{"taxonomy":"category","embeddable":true,"href":"https:\/\/corrientesdetarde.com\/index.php\/wp-json\/wp\/v2\/categories?post=155701"},{"taxonomy":"post_tag","embeddable":true,"href":"https:\/\/corrientesdetarde.com\/index.php\/wp-json\/wp\/v2\/tags?post=155701"}],"curies":[{"name":"wp","href":"https:\/\/api.w.org\/{rel}","templated":true}]}}