{"id":156459,"date":"2024-08-01T13:58:41","date_gmt":"2024-08-01T16:58:41","guid":{"rendered":"https:\/\/corrientesdetarde.com\/?p=156459"},"modified":"2024-08-01T13:58:45","modified_gmt":"2024-08-01T16:58:45","slug":"fin-de-semana-con-propuestas-para-todas-las-edades-k-anime-pena-y-ciudad-diseno","status":"publish","type":"post","link":"https:\/\/corrientesdetarde.com\/index.php\/eventos\/fin-de-semana-con-propuestas-para-todas-las-edades-k-anime-pena-y-ciudad-diseno\/","title":{"rendered":"Fin de semana con propuestas para todas las edades: K-anime, pe\u00f1a y Ciudad Dise\u00f1o"},"content":{"rendered":"\n<p><em>La Municipalidad de Corrientes ofrece diferentes actividades culturales y recreativas al aire libre y con acceso gratuito, para este viernes, s\u00e1bado y domingo. Adem\u00e1s de las tradicionales ferias de artesanos y pe\u00f1a chamamecera, tendr\u00e1 lugar una nueva edici\u00f3n del encuentro dedicado a los amantes del anime y la feria de los emprendedores de dise\u00f1o.&nbsp;<\/em><\/p>\n\n\n\n<p>Como cada fin de semana, la Municipalidad de Corrientes prepar\u00f3 una amplia programaci\u00f3n de actividades con acceso gratuito, para los vecinos y turistas, consolidando a la ciudad como epicentro de eventos al aire libre.\u00a0<br><br>La tradicional Feria de Artesanos se realizar\u00e1 viernes, de 9 a 22, en la plaza Cabral, en tanto que el s\u00e1bado y domingo se trasladar\u00e1 a la avenida Costanera Sur y calle Las Heras, en el mismo horario. En el lugar se pueden adquirir objetos totalmente artesanales, hechos por manos correntinas.<br><br>El viernes, desde las 16, se llevar\u00e1 adelante el festival de apertura del Mes de la Ni\u00f1ez en el nuevo paseo tem\u00e1tico lber\u00e1, (Av. 3 de Abril y Lavalle). Entre muchas propuestas, habr\u00e1 t\u00edteres, circo, carnaval barrial, academia de danza y shows en vivo.<br><br>El s\u00e1bado, de 7.30 a 12.30, en el Colegio Pte. Dr. Arturo Humberto Illia (Larrea 3400) se realizar\u00e1 el examen y curso de Taekwondo IFT con la participaci\u00f3n de cerca de un centenar de ni\u00f1as y ni\u00f1os.<br><br>El domingo, de 15 a 18, con el fin de fomentar el ciclismo desde temprana edad se desarrollar\u00e1 un \u201cEncuentro de Ciclismo Infantil\u201d en el vel\u00f3dromo O\u00f1ani Por\u00e1, (camino al Perich\u00f3n). Aproximadamente habr\u00e1 100 participantes de hasta 14 a\u00f1os y la inscripci\u00f3n se puede llevar adelante el mismo d\u00eda. Adem\u00e1s, se llevar\u00e1 adelante una exhibici\u00f3n de ciclistas de diferentes categor\u00edas que representar\u00e1n a la provincia en los Juegos Nacionales Deportivos (Ex Evita).<br><br>En tanto que el domingo en el parque Camba Cu\u00e1 (zona pilet\u00f3n) se concretar\u00e1 una nueva edici\u00f3n de la Feria K\u2013anime, de 15 a 21. Habr\u00e1 un bloque especial bts, un concurso de dibujo, un taller K-pop a cargo de Khalan, Random Play dance competencias, Concurso Cosplay de mascotas, banda resistencia \u201cManji Band\u201d, concurso Cosplay Kid, concurso K-pop (solistas y grupales), random play dance new.<br><br>A partir de las 16, se llevar\u00e1 a cabo la Pe\u00f1a Oficial de la Ciudad en la rotonda Plaza Espa\u00f1a (Av. Pujol y Carlos Pellegrini). En esta oportunidad, actuar\u00e1n el elenco Municipal Ra\u00edz Chamamecera, Soto Godoy, Los Aut\u00e9nticos del Chamam\u00e9, Emmanuel y sus tarragoseros, Los Trangoni y la Pareja Nacional del Chamam\u00e9 2024: Milagros G\u00f3mez y Morel Mauricio.<br><br>De 16 a 21, en la Avenida Costanera y Pellegrini se llevar\u00e1 adelante la propuesta de \u201cCiudad de Dise\u00f1o\u201d con m\u00faltiples productos artesanales creativos hechos por emprendedores locales de dise\u00f1o, textiles, tejidos, did\u00e1cticos y mucho m\u00e1s con el acompa\u00f1amiento de emprendedores gastron\u00f3micos locales.<\/p>\n\n\n\n<figure class=\"wp-block-image size-large\"><img loading=\"lazy\" decoding=\"async\" width=\"1024\" height=\"682\" src=\"https:\/\/corrientesdetarde.com\/wp-content\/uploads\/2024\/08\/image-6-1024x682.png\" alt=\"\" class=\"wp-image-156460\" srcset=\"https:\/\/corrientesdetarde.com\/wp-content\/uploads\/2024\/08\/image-6-1024x682.png 1024w, https:\/\/corrientesdetarde.com\/wp-content\/uploads\/2024\/08\/image-6-300x200.png 300w, https:\/\/corrientesdetarde.com\/wp-content\/uploads\/2024\/08\/image-6-768x512.png 768w, https:\/\/corrientesdetarde.com\/wp-content\/uploads\/2024\/08\/image-6.png 1280w\" sizes=\"auto, (max-width: 1024px) 100vw, 1024px\" \/><\/figure>\n\n\n\n<figure class=\"wp-block-image size-large\"><img loading=\"lazy\" decoding=\"async\" width=\"1024\" height=\"682\" src=\"https:\/\/corrientesdetarde.com\/wp-content\/uploads\/2024\/08\/image-7-1024x682.png\" alt=\"\" class=\"wp-image-156461\" srcset=\"https:\/\/corrientesdetarde.com\/wp-content\/uploads\/2024\/08\/image-7-1024x682.png 1024w, https:\/\/corrientesdetarde.com\/wp-content\/uploads\/2024\/08\/image-7-300x200.png 300w, https:\/\/corrientesdetarde.com\/wp-content\/uploads\/2024\/08\/image-7-768x512.png 768w, https:\/\/corrientesdetarde.com\/wp-content\/uploads\/2024\/08\/image-7.png 1280w\" sizes=\"auto, (max-width: 1024px) 100vw, 1024px\" \/><\/figure>\n\n\n\n<figure class=\"wp-block-image size-large\"><img loading=\"lazy\" decoding=\"async\" width=\"1024\" height=\"768\" src=\"https:\/\/corrientesdetarde.com\/wp-content\/uploads\/2024\/08\/image-9-1024x768.png\" alt=\"\" class=\"wp-image-156463\" srcset=\"https:\/\/corrientesdetarde.com\/wp-content\/uploads\/2024\/08\/image-9-1024x768.png 1024w, https:\/\/corrientesdetarde.com\/wp-content\/uploads\/2024\/08\/image-9-300x225.png 300w, https:\/\/corrientesdetarde.com\/wp-content\/uploads\/2024\/08\/image-9-768x576.png 768w, https:\/\/corrientesdetarde.com\/wp-content\/uploads\/2024\/08\/image-9.png 1280w\" sizes=\"auto, (max-width: 1024px) 100vw, 1024px\" \/><\/figure>\n\n\n\n<figure class=\"wp-block-image size-large\"><img loading=\"lazy\" decoding=\"async\" width=\"819\" height=\"1024\" src=\"https:\/\/corrientesdetarde.com\/wp-content\/uploads\/2024\/08\/image-10-819x1024.png\" alt=\"\" class=\"wp-image-156464\" srcset=\"https:\/\/corrientesdetarde.com\/wp-content\/uploads\/2024\/08\/image-10-819x1024.png 819w, https:\/\/corrientesdetarde.com\/wp-content\/uploads\/2024\/08\/image-10-240x300.png 240w, https:\/\/corrientesdetarde.com\/wp-content\/uploads\/2024\/08\/image-10-768x960.png 768w, https:\/\/corrientesdetarde.com\/wp-content\/uploads\/2024\/08\/image-10.png 1024w\" sizes=\"auto, (max-width: 819px) 100vw, 819px\" \/><\/figure>\n\n\n\n<figure class=\"wp-block-image size-large\"><img loading=\"lazy\" decoding=\"async\" width=\"819\" height=\"1024\" src=\"https:\/\/corrientesdetarde.com\/wp-content\/uploads\/2024\/08\/image-11-819x1024.png\" alt=\"\" class=\"wp-image-156465\" srcset=\"https:\/\/corrientesdetarde.com\/wp-content\/uploads\/2024\/08\/image-11-819x1024.png 819w, https:\/\/corrientesdetarde.com\/wp-content\/uploads\/2024\/08\/image-11-240x300.png 240w, https:\/\/corrientesdetarde.com\/wp-content\/uploads\/2024\/08\/image-11-768x960.png 768w, https:\/\/corrientesdetarde.com\/wp-content\/uploads\/2024\/08\/image-11.png 1024w\" sizes=\"auto, (max-width: 819px) 100vw, 819px\" \/><\/figure>\n","protected":false},"excerpt":{"rendered":"<p>La Municipalidad de Corrientes ofrece diferentes actividades culturales y recreativas al aire libre y con acceso gratuito, para este viernes, s\u00e1bado y domingo. Adem\u00e1s de las tradicionales ferias de artesanos&hellip; <\/p>\n","protected":false},"author":8,"featured_media":156462,"comment_status":"closed","ping_status":"open","sticky":false,"template":"","format":"standard","meta":{"footnotes":""},"categories":[22],"tags":[],"class_list":["post-156459","post","type-post","status-publish","format-standard","has-post-thumbnail","hentry","category-eventos"],"_links":{"self":[{"href":"https:\/\/corrientesdetarde.com\/index.php\/wp-json\/wp\/v2\/posts\/156459","targetHints":{"allow":["GET"]}}],"collection":[{"href":"https:\/\/corrientesdetarde.com\/index.php\/wp-json\/wp\/v2\/posts"}],"about":[{"href":"https:\/\/corrientesdetarde.com\/index.php\/wp-json\/wp\/v2\/types\/post"}],"author":[{"embeddable":true,"href":"https:\/\/corrientesdetarde.com\/index.php\/wp-json\/wp\/v2\/users\/8"}],"replies":[{"embeddable":true,"href":"https:\/\/corrientesdetarde.com\/index.php\/wp-json\/wp\/v2\/comments?post=156459"}],"version-history":[{"count":1,"href":"https:\/\/corrientesdetarde.com\/index.php\/wp-json\/wp\/v2\/posts\/156459\/revisions"}],"predecessor-version":[{"id":156466,"href":"https:\/\/corrientesdetarde.com\/index.php\/wp-json\/wp\/v2\/posts\/156459\/revisions\/156466"}],"wp:featuredmedia":[{"embeddable":true,"href":"https:\/\/corrientesdetarde.com\/index.php\/wp-json\/wp\/v2\/media\/156462"}],"wp:attachment":[{"href":"https:\/\/corrientesdetarde.com\/index.php\/wp-json\/wp\/v2\/media?parent=156459"}],"wp:term":[{"taxonomy":"category","embeddable":true,"href":"https:\/\/corrientesdetarde.com\/index.php\/wp-json\/wp\/v2\/categories?post=156459"},{"taxonomy":"post_tag","embeddable":true,"href":"https:\/\/corrientesdetarde.com\/index.php\/wp-json\/wp\/v2\/tags?post=156459"}],"curies":[{"name":"wp","href":"https:\/\/api.w.org\/{rel}","templated":true}]}}