{"id":156467,"date":"2024-08-01T14:00:54","date_gmt":"2024-08-01T17:00:54","guid":{"rendered":"https:\/\/corrientesdetarde.com\/?p=156467"},"modified":"2024-08-01T14:00:58","modified_gmt":"2024-08-01T17:00:58","slug":"este-domingo-4-de-agosto-habra-feria-de-emprendedores","status":"publish","type":"post","link":"https:\/\/corrientesdetarde.com\/index.php\/sociales\/este-domingo-4-de-agosto-habra-feria-de-emprendedores\/","title":{"rendered":"Este domingo 4 de agosto habr\u00e1 feria de emprendedores"},"content":{"rendered":"\n<p>Las ferias de emprendedores del Ministerio de Desarrollo Social&nbsp;se realizar\u00e1 este domingo&nbsp;4 de agosto de&nbsp;10&nbsp;a 2&nbsp;en el Parque Mitre&nbsp; y de 14 a 21 en el Parque el Eucaliptal en el barrio&nbsp;San Ger\u00f3nimo.<\/p>\n\n\n\n<p>La expoemprendedora estar\u00e1 en el Parque Mitre, con la exhibici\u00f3n de diferentes productos de&nbsp;emprendedores y&nbsp;artesanos y el sector contar\u00e1 con gastron\u00f3mico con incre\u00edbles ofertas en comidas t\u00edpicas y al paso&nbsp;y a la vez, habr\u00e1 shows musicales en vivo.<\/p>\n\n\n\n<p>Asimismo, la multiferia estar\u00e1 este domingo 4 de agosto en el Parque el Eucaliptal&nbsp;del barrio&nbsp;San Ger\u00f3nimo con exposici\u00f3n y venta de emprendedores y artesanos de 14 a 21.<\/p>\n","protected":false},"excerpt":{"rendered":"<p>Las ferias de emprendedores del Ministerio de Desarrollo Social&nbsp;se realizar\u00e1 este domingo&nbsp;4 de agosto de&nbsp;10&nbsp;a 2&nbsp;en el Parque Mitre&nbsp; y de 14 a 21 en el Parque el Eucaliptal en&hellip; <\/p>\n","protected":false},"author":8,"featured_media":156468,"comment_status":"closed","ping_status":"open","sticky":false,"template":"","format":"standard","meta":{"footnotes":""},"categories":[17],"tags":[],"class_list":["post-156467","post","type-post","status-publish","format-standard","has-post-thumbnail","hentry","category-sociales"],"_links":{"self":[{"href":"https:\/\/corrientesdetarde.com\/index.php\/wp-json\/wp\/v2\/posts\/156467","targetHints":{"allow":["GET"]}}],"collection":[{"href":"https:\/\/corrientesdetarde.com\/index.php\/wp-json\/wp\/v2\/posts"}],"about":[{"href":"https:\/\/corrientesdetarde.com\/index.php\/wp-json\/wp\/v2\/types\/post"}],"author":[{"embeddable":true,"href":"https:\/\/corrientesdetarde.com\/index.php\/wp-json\/wp\/v2\/users\/8"}],"replies":[{"embeddable":true,"href":"https:\/\/corrientesdetarde.com\/index.php\/wp-json\/wp\/v2\/comments?post=156467"}],"version-history":[{"count":1,"href":"https:\/\/corrientesdetarde.com\/index.php\/wp-json\/wp\/v2\/posts\/156467\/revisions"}],"predecessor-version":[{"id":156469,"href":"https:\/\/corrientesdetarde.com\/index.php\/wp-json\/wp\/v2\/posts\/156467\/revisions\/156469"}],"wp:featuredmedia":[{"embeddable":true,"href":"https:\/\/corrientesdetarde.com\/index.php\/wp-json\/wp\/v2\/media\/156468"}],"wp:attachment":[{"href":"https:\/\/corrientesdetarde.com\/index.php\/wp-json\/wp\/v2\/media?parent=156467"}],"wp:term":[{"taxonomy":"category","embeddable":true,"href":"https:\/\/corrientesdetarde.com\/index.php\/wp-json\/wp\/v2\/categories?post=156467"},{"taxonomy":"post_tag","embeddable":true,"href":"https:\/\/corrientesdetarde.com\/index.php\/wp-json\/wp\/v2\/tags?post=156467"}],"curies":[{"name":"wp","href":"https:\/\/api.w.org\/{rel}","templated":true}]}}