{"id":156470,"date":"2024-08-01T14:06:14","date_gmt":"2024-08-01T17:06:14","guid":{"rendered":"https:\/\/corrientesdetarde.com\/?p=156470"},"modified":"2024-08-01T14:13:03","modified_gmt":"2024-08-01T17:13:03","slug":"el-jefe-de-policia-recibio-en-su-despacho-a-un-oficial-que-recientemente-finalizo-con-exito-el-curso-tedax-de-explosivos-realizado-en-la-provincia-de-cordoba","status":"publish","type":"post","link":"https:\/\/corrientesdetarde.com\/index.php\/policiales\/el-jefe-de-policia-recibio-en-su-despacho-a-un-oficial-que-recientemente-finalizo-con-exito-el-curso-tedax-de-explosivos-realizado-en-la-provincia-de-cordoba\/","title":{"rendered":"El jefe de Polic\u00eda recibi\u00f3 en su despacho, a un oficial que recientemente finaliz\u00f3 con \u00e9xito el curso \u201cTEDAX\u201d de explosivos, realizado en la Provincia de C\u00f3rdoba"},"content":{"rendered":"\n<p>En la ma\u00f1ana de hoy 01-08-24, el se\u00f1or Jefe de Polic\u00eda de Corrientes Comisario<br>General Miguel \u00c1ngel Leguizam\u00f3n, recibi\u00f3 en su despacho al Oficial Ayudante de<br>Polic\u00eda Dami\u00e1n Eduardo Fern\u00e1ndez con&nbsp;prestaci\u00f3n de servicios en&nbsp;la Direcci\u00f3n General<br>de Lucha contra el fuego.<br>En la ocasi\u00f3n, el titular de la fuerza, felicit\u00f3 al oficial subalterno, por su destacada<br>participaci\u00f3n y aprobar el \u201cVII\u00b0 Curso de T\u00e9cnico especialista en desactivaci\u00f3n de<br>artefactos explosivos\u201d, realizado en&nbsp;la Provincia de C\u00f3rdoba.<br>El mismo, fue desarrollado desde el 8 de abril al 4 de julio del corriente a\u00f1o, en la<br>modalidad de internado, con una carga horario de 864 horas catedra y 88 d\u00edas, y<br>fue&nbsp;organizado por el Departamento de Brigada de Explosivos, de&nbsp;la Provincia&nbsp;de<br>C\u00f3rdoba.&nbsp;<br>Cabe se\u00f1alar, que del curso participaron&nbsp;45 representantes de todo el pa\u00eds, como<br>ser Jujuy, Catamarca, Entre R\u00edos, Santa Fe, Ejercito Argentino, y de las Rep\u00fablicas del<br>Brasil y Paraguay, y tan solo aprobaron 22 del total general y fue realizado en<br>diferentes lugares, como ser Planta Nuclear de embalse, F\u00e1brica Militar de Rio Tercero,<br>Aeropuerto, entre otros, dejando bien representada a&nbsp;la Polic\u00eda&nbsp;de Corrientes.<br>En la oportunidad, el mismo estuvo acompa\u00f1ado adem\u00e1s por el Director General<br>de lucha contra el fuego,&nbsp;Comisario General Rodr\u00edguez Horacio Fabio Ram\u00f3n, quien<br>tambi\u00e9n resalt\u00f3 la destacada participaci\u00f3n del personal que integra su direcci\u00f3n.<\/p>\n\n\n\n<figure class=\"wp-block-image size-large\"><img loading=\"lazy\" decoding=\"async\" width=\"1024\" height=\"518\" src=\"https:\/\/corrientesdetarde.com\/wp-content\/uploads\/2024\/08\/oficial-explosivo-2-1024x518.jpeg\" alt=\"\" class=\"wp-image-156471\" srcset=\"https:\/\/corrientesdetarde.com\/wp-content\/uploads\/2024\/08\/oficial-explosivo-2-1024x518.jpeg 1024w, https:\/\/corrientesdetarde.com\/wp-content\/uploads\/2024\/08\/oficial-explosivo-2-300x152.jpeg 300w, https:\/\/corrientesdetarde.com\/wp-content\/uploads\/2024\/08\/oficial-explosivo-2-768x388.jpeg 768w, https:\/\/corrientesdetarde.com\/wp-content\/uploads\/2024\/08\/oficial-explosivo-2.jpeg 1080w\" sizes=\"auto, (max-width: 1024px) 100vw, 1024px\" \/><\/figure>\n\n\n\n<figure class=\"wp-block-image size-large\"><img loading=\"lazy\" decoding=\"async\" width=\"1024\" height=\"677\" src=\"https:\/\/corrientesdetarde.com\/wp-content\/uploads\/2024\/08\/oficial-explosivo-4-1024x677.jpeg\" alt=\"\" class=\"wp-image-156474\" srcset=\"https:\/\/corrientesdetarde.com\/wp-content\/uploads\/2024\/08\/oficial-explosivo-4-1024x677.jpeg 1024w, https:\/\/corrientesdetarde.com\/wp-content\/uploads\/2024\/08\/oficial-explosivo-4-300x198.jpeg 300w, https:\/\/corrientesdetarde.com\/wp-content\/uploads\/2024\/08\/oficial-explosivo-4-768x507.jpeg 768w, https:\/\/corrientesdetarde.com\/wp-content\/uploads\/2024\/08\/oficial-explosivo-4.jpeg 1079w\" sizes=\"auto, (max-width: 1024px) 100vw, 1024px\" \/><\/figure>\n\n\n\n<figure class=\"wp-block-image size-large\"><img loading=\"lazy\" decoding=\"async\" width=\"1024\" height=\"518\" src=\"https:\/\/corrientesdetarde.com\/wp-content\/uploads\/2024\/08\/oficial-explosivo-3-1024x518.jpeg\" alt=\"\" class=\"wp-image-156472\" srcset=\"https:\/\/corrientesdetarde.com\/wp-content\/uploads\/2024\/08\/oficial-explosivo-3-1024x518.jpeg 1024w, https:\/\/corrientesdetarde.com\/wp-content\/uploads\/2024\/08\/oficial-explosivo-3-300x152.jpeg 300w, https:\/\/corrientesdetarde.com\/wp-content\/uploads\/2024\/08\/oficial-explosivo-3-768x388.jpeg 768w, https:\/\/corrientesdetarde.com\/wp-content\/uploads\/2024\/08\/oficial-explosivo-3.jpeg 1080w\" sizes=\"auto, (max-width: 1024px) 100vw, 1024px\" \/><\/figure>\n\n\n\n<figure class=\"wp-block-image size-large\"><img loading=\"lazy\" decoding=\"async\" width=\"768\" height=\"1024\" src=\"https:\/\/corrientesdetarde.com\/wp-content\/uploads\/2024\/08\/oficial-explosivo-1-1-768x1024.jpeg\" alt=\"\" class=\"wp-image-156480\" srcset=\"https:\/\/corrientesdetarde.com\/wp-content\/uploads\/2024\/08\/oficial-explosivo-1-1-768x1024.jpeg 768w, https:\/\/corrientesdetarde.com\/wp-content\/uploads\/2024\/08\/oficial-explosivo-1-1-225x300.jpeg 225w, https:\/\/corrientesdetarde.com\/wp-content\/uploads\/2024\/08\/oficial-explosivo-1-1.jpeg 960w\" sizes=\"auto, (max-width: 768px) 100vw, 768px\" \/><\/figure>\n","protected":false},"excerpt":{"rendered":"<p>En la ma\u00f1ana de hoy 01-08-24, el se\u00f1or Jefe de Polic\u00eda de Corrientes ComisarioGeneral Miguel \u00c1ngel Leguizam\u00f3n, recibi\u00f3 en su despacho al Oficial Ayudante dePolic\u00eda Dami\u00e1n Eduardo Fern\u00e1ndez con&nbsp;prestaci\u00f3n de&hellip; <\/p>\n","protected":false},"author":8,"featured_media":156474,"comment_status":"closed","ping_status":"open","sticky":false,"template":"","format":"standard","meta":{"footnotes":""},"categories":[33],"tags":[],"class_list":["post-156470","post","type-post","status-publish","format-standard","has-post-thumbnail","hentry","category-policiales"],"_links":{"self":[{"href":"https:\/\/corrientesdetarde.com\/index.php\/wp-json\/wp\/v2\/posts\/156470","targetHints":{"allow":["GET"]}}],"collection":[{"href":"https:\/\/corrientesdetarde.com\/index.php\/wp-json\/wp\/v2\/posts"}],"about":[{"href":"https:\/\/corrientesdetarde.com\/index.php\/wp-json\/wp\/v2\/types\/post"}],"author":[{"embeddable":true,"href":"https:\/\/corrientesdetarde.com\/index.php\/wp-json\/wp\/v2\/users\/8"}],"replies":[{"embeddable":true,"href":"https:\/\/corrientesdetarde.com\/index.php\/wp-json\/wp\/v2\/comments?post=156470"}],"version-history":[{"count":2,"href":"https:\/\/corrientesdetarde.com\/index.php\/wp-json\/wp\/v2\/posts\/156470\/revisions"}],"predecessor-version":[{"id":156481,"href":"https:\/\/corrientesdetarde.com\/index.php\/wp-json\/wp\/v2\/posts\/156470\/revisions\/156481"}],"wp:featuredmedia":[{"embeddable":true,"href":"https:\/\/corrientesdetarde.com\/index.php\/wp-json\/wp\/v2\/media\/156474"}],"wp:attachment":[{"href":"https:\/\/corrientesdetarde.com\/index.php\/wp-json\/wp\/v2\/media?parent=156470"}],"wp:term":[{"taxonomy":"category","embeddable":true,"href":"https:\/\/corrientesdetarde.com\/index.php\/wp-json\/wp\/v2\/categories?post=156470"},{"taxonomy":"post_tag","embeddable":true,"href":"https:\/\/corrientesdetarde.com\/index.php\/wp-json\/wp\/v2\/tags?post=156470"}],"curies":[{"name":"wp","href":"https:\/\/api.w.org\/{rel}","templated":true}]}}