{"id":156482,"date":"2024-08-01T14:34:42","date_gmt":"2024-08-01T17:34:42","guid":{"rendered":"https:\/\/corrientesdetarde.com\/?p=156482"},"modified":"2024-08-01T14:34:53","modified_gmt":"2024-08-01T17:34:53","slug":"el-momento-en-que-izan-la-bandera-de-brasil-en-la-embajada-argentina-en-venezuela","status":"publish","type":"post","link":"https:\/\/corrientesdetarde.com\/index.php\/politica\/el-momento-en-que-izan-la-bandera-de-brasil-en-la-embajada-argentina-en-venezuela\/","title":{"rendered":"El momento en que izan la bandera de Brasil en la embajada argentina en Venezuela"},"content":{"rendered":"\n<p>En el lugar se encuentran los seis asilados del equipo de Mar\u00eda Corina Machado que quedar\u00e1n a resguardo del gobierno brasile\u00f1o.<\/p>\n\n\n\n<p>\u201cAgradezco enormemente la disposici\u00f3n de Brasil a hacerse cargo de la custodia de la embajada argentina en Venezuela\u201d, escribi\u00f3 esta ma\u00f1ana el presidente Javier Milei en su cuenta de X. La publicaci\u00f3n ocurri\u00f3 algunos minutos despu\u00e9s de que\u00a0<strong>los seis asilados del equipo de Mar\u00eda Corina Machado izaran la bandera de Brasil en la Embajada de Argentina.<\/strong><\/p>\n\n\n\n<p>\u201cTambi\u00e9n agradecemos la representaci\u00f3n moment\u00e1nea de los intereses de la Rep\u00fablica Argentina y sus ciudadanos all\u00ed.\u00a0<strong>Hoy el personal diplom\u00e1tico argentino tuvo que abandonar Venezuela como represalia del dictador Maduro<\/strong>\u00a0por la condena que hicimos del fraude que perpetraron el domingo \u00faltimo\u201d, sostuvo Milei.<\/p>\n\n\n\n<p>Luego agreg\u00f3: \u201cNo tengo dudas de que pronto reabriremos nuestra Embajada en una Venezuela libre y democr\u00e1tica.&nbsp;<strong>Los lazos de amistad que unen a la Argentina con Brasil son muy fuertes e hist\u00f3ricos<\/strong>\u201d.<\/p>\n\n\n\n<p>\u201cVenezuela respetar\u00e1 as\u00ed lo estipulado en la Convenci\u00f3n de Viena sobre Relaciones Diplom\u00e1ticas y la Convenci\u00f3n de Viena sobre Relaciones Consulares\u201d, complet\u00f3 el Presidente en X.<\/p>\n\n\n\n<h2 class=\"wp-block-heading\">Hablaron los asilados en la embajada argentina en Venezuela: \u201cArrasamos y el resultado est\u00e1 ah\u00ed\u201d<\/h2>\n\n\n\n<p>\u201cHoy est\u00e1n siendo perseguidos los testigos. En esta sede diplom\u00e1tica est\u00e1 parte del comando de campa\u00f1a ganador del proceso. Se llev\u00f3 adelante y ganamos, arrasamos. El resultado est\u00e1 ah\u00ed, aunque hoy el CNE se esconde tras el r\u00e9gimen para no tener que verle la cara\u201d, expres\u00f3 Magalli Meda, una de las asiladas, en di\u00e1logo con la prensa.<\/p>\n\n\n\n<p>\u201cVemos gente exigiendo que se respete la verdad, todo proceso de parto es complejo, pero el ni\u00f1o ya naci\u00f3\u201d, dijo haciendo referencia a la denuncia de la oposici\u00f3n que asegura que gan\u00f3 las elecciones.<\/p>\n\n\n\n<p>Los asilados continuar\u00e1n en la residencia bajo la protecci\u00f3n del gobierno brasile\u00f1o.<\/p>\n\n\n\n<figure class=\"wp-block-image\"><img decoding=\"async\" src=\"https:\/\/tn.com.ar\/resizer\/v2\/a-72-horas-del-ultimatum-de-maduro-el-gobierno-negocia-contra-reloj-la-salida-de-los-diplomaticos-argentinos-foto-efe-4IN6SWNUWRAAFATLMRNSXPWSII.jpg?auth=66e21ffc6a8cddc0f258bb7a66d501600c3f58cc69213daadb21d02cd521bca6&amp;width=767\" alt=\"A 72 horas del ultim\u00e1tum de Maduro, el Gobierno negocia contra reloj la salida de los diplom\u00e1ticos argentinos (Foto: EFE)\n\"\/><figcaption class=\"wp-element-caption\">A 72 horas del ultim\u00e1tum de Maduro, el Gobierno negocia contra reloj la salida de los diplom\u00e1ticos argentinos <\/figcaption><\/figure>\n","protected":false},"excerpt":{"rendered":"<p>En el lugar se encuentran los seis asilados del equipo de Mar\u00eda Corina Machado que quedar\u00e1n a resguardo del gobierno brasile\u00f1o. \u201cAgradezco enormemente la disposici\u00f3n de Brasil a hacerse cargo&hellip; <\/p>\n","protected":false},"author":8,"featured_media":156483,"comment_status":"closed","ping_status":"open","sticky":false,"template":"","format":"standard","meta":{"footnotes":""},"categories":[3],"tags":[],"class_list":["post-156482","post","type-post","status-publish","format-standard","has-post-thumbnail","hentry","category-politica"],"_links":{"self":[{"href":"https:\/\/corrientesdetarde.com\/index.php\/wp-json\/wp\/v2\/posts\/156482","targetHints":{"allow":["GET"]}}],"collection":[{"href":"https:\/\/corrientesdetarde.com\/index.php\/wp-json\/wp\/v2\/posts"}],"about":[{"href":"https:\/\/corrientesdetarde.com\/index.php\/wp-json\/wp\/v2\/types\/post"}],"author":[{"embeddable":true,"href":"https:\/\/corrientesdetarde.com\/index.php\/wp-json\/wp\/v2\/users\/8"}],"replies":[{"embeddable":true,"href":"https:\/\/corrientesdetarde.com\/index.php\/wp-json\/wp\/v2\/comments?post=156482"}],"version-history":[{"count":1,"href":"https:\/\/corrientesdetarde.com\/index.php\/wp-json\/wp\/v2\/posts\/156482\/revisions"}],"predecessor-version":[{"id":156484,"href":"https:\/\/corrientesdetarde.com\/index.php\/wp-json\/wp\/v2\/posts\/156482\/revisions\/156484"}],"wp:featuredmedia":[{"embeddable":true,"href":"https:\/\/corrientesdetarde.com\/index.php\/wp-json\/wp\/v2\/media\/156483"}],"wp:attachment":[{"href":"https:\/\/corrientesdetarde.com\/index.php\/wp-json\/wp\/v2\/media?parent=156482"}],"wp:term":[{"taxonomy":"category","embeddable":true,"href":"https:\/\/corrientesdetarde.com\/index.php\/wp-json\/wp\/v2\/categories?post=156482"},{"taxonomy":"post_tag","embeddable":true,"href":"https:\/\/corrientesdetarde.com\/index.php\/wp-json\/wp\/v2\/tags?post=156482"}],"curies":[{"name":"wp","href":"https:\/\/api.w.org\/{rel}","templated":true}]}}