{"id":156485,"date":"2024-08-01T14:36:43","date_gmt":"2024-08-01T17:36:43","guid":{"rendered":"https:\/\/corrientesdetarde.com\/?p=156485"},"modified":"2024-08-01T14:36:55","modified_gmt":"2024-08-01T17:36:55","slug":"continuan-las-capacitaciones-del-programa-infancia","status":"publish","type":"post","link":"https:\/\/corrientesdetarde.com\/index.php\/educacion\/continuan-las-capacitaciones-del-programa-infancia\/","title":{"rendered":"Contin\u00faan las capacitaciones del programa infancia"},"content":{"rendered":"\n<p>El Ministerio de Educaci\u00f3n&nbsp;realiz\u00f3&nbsp;dos nuevos encuentros del Programa Infancia, de formaci\u00f3n para docentes del nivel inicial. Las actividades tuvieron lugar en las localidades de Goya e Ituzaing\u00f3 y ma\u00f1ana viernes se replicar\u00e1n en la capital provincial.<\/p>\n\n\n\n<p>El programa Infancia es resultado de un convenio celebrado entre la Fundaci\u00f3n P\u00e9rez Companc, el Conicet y la cartera educativa correntina y apunta, entre otras cosas, a potenciar el lenguaje infantil y los aprendizajes tempranos, teniendo en cuenta que la educaci\u00f3n inicial es de crucial importancia tanto para el desarrollo cognitivo como para el desarrollo del lenguaje y el acceso y dominio de la alfabetizaci\u00f3n.<\/p>\n\n\n\n<p>Los encuentros realizados hoy fueron en las ciudades de Goya e Ituzaingo y participaron docentes de salas de 3; 4 y 5 a\u00f1os de Goya, Bella Vista, Ituzaingo, San Carlos, Colonia Liebig, Virasoro, Isla Apipe, General Paz y Santo Tome.<\/p>\n\n\n\n<p>Ma\u00f1ana la actividad comenzar\u00e1 a las 8.00, en el campus Deodoro Roca y contar\u00e1 con la participaci\u00f3n de docentes de capital y San Cosme.<\/p>\n\n\n\n<figure class=\"wp-block-image size-large\"><img loading=\"lazy\" decoding=\"async\" width=\"768\" height=\"1024\" src=\"https:\/\/corrientesdetarde.com\/wp-content\/uploads\/2024\/08\/image-15-768x1024.png\" alt=\"\" class=\"wp-image-156487\" srcset=\"https:\/\/corrientesdetarde.com\/wp-content\/uploads\/2024\/08\/image-15-768x1024.png 768w, https:\/\/corrientesdetarde.com\/wp-content\/uploads\/2024\/08\/image-15-225x300.png 225w, https:\/\/corrientesdetarde.com\/wp-content\/uploads\/2024\/08\/image-15-1152x1536.png 1152w, https:\/\/corrientesdetarde.com\/wp-content\/uploads\/2024\/08\/image-15.png 1200w\" sizes=\"auto, (max-width: 768px) 100vw, 768px\" \/><\/figure>\n","protected":false},"excerpt":{"rendered":"<p>El Ministerio de Educaci\u00f3n&nbsp;realiz\u00f3&nbsp;dos nuevos encuentros del Programa Infancia, de formaci\u00f3n para docentes del nivel inicial. Las actividades tuvieron lugar en las localidades de Goya e Ituzaing\u00f3 y ma\u00f1ana viernes&hellip; <\/p>\n","protected":false},"author":8,"featured_media":156486,"comment_status":"closed","ping_status":"open","sticky":false,"template":"","format":"standard","meta":{"footnotes":""},"categories":[32],"tags":[],"class_list":["post-156485","post","type-post","status-publish","format-standard","has-post-thumbnail","hentry","category-educacion"],"_links":{"self":[{"href":"https:\/\/corrientesdetarde.com\/index.php\/wp-json\/wp\/v2\/posts\/156485","targetHints":{"allow":["GET"]}}],"collection":[{"href":"https:\/\/corrientesdetarde.com\/index.php\/wp-json\/wp\/v2\/posts"}],"about":[{"href":"https:\/\/corrientesdetarde.com\/index.php\/wp-json\/wp\/v2\/types\/post"}],"author":[{"embeddable":true,"href":"https:\/\/corrientesdetarde.com\/index.php\/wp-json\/wp\/v2\/users\/8"}],"replies":[{"embeddable":true,"href":"https:\/\/corrientesdetarde.com\/index.php\/wp-json\/wp\/v2\/comments?post=156485"}],"version-history":[{"count":1,"href":"https:\/\/corrientesdetarde.com\/index.php\/wp-json\/wp\/v2\/posts\/156485\/revisions"}],"predecessor-version":[{"id":156488,"href":"https:\/\/corrientesdetarde.com\/index.php\/wp-json\/wp\/v2\/posts\/156485\/revisions\/156488"}],"wp:featuredmedia":[{"embeddable":true,"href":"https:\/\/corrientesdetarde.com\/index.php\/wp-json\/wp\/v2\/media\/156486"}],"wp:attachment":[{"href":"https:\/\/corrientesdetarde.com\/index.php\/wp-json\/wp\/v2\/media?parent=156485"}],"wp:term":[{"taxonomy":"category","embeddable":true,"href":"https:\/\/corrientesdetarde.com\/index.php\/wp-json\/wp\/v2\/categories?post=156485"},{"taxonomy":"post_tag","embeddable":true,"href":"https:\/\/corrientesdetarde.com\/index.php\/wp-json\/wp\/v2\/tags?post=156485"}],"curies":[{"name":"wp","href":"https:\/\/api.w.org\/{rel}","templated":true}]}}