{"id":156580,"date":"2024-08-01T21:22:51","date_gmt":"2024-08-02T00:22:51","guid":{"rendered":"https:\/\/corrientesdetarde.com\/?p=156580"},"modified":"2024-08-01T21:22:55","modified_gmt":"2024-08-02T00:22:55","slug":"caso-loan-el-periodista-porteno-que-denuncio-una-red-de-trata-no-pudo-sostener-sus-dichos-y-admitio-que-no-tiene-pruebas","status":"publish","type":"post","link":"https:\/\/corrientesdetarde.com\/index.php\/actualidad\/caso-loan-el-periodista-porteno-que-denuncio-una-red-de-trata-no-pudo-sostener-sus-dichos-y-admitio-que-no-tiene-pruebas\/","title":{"rendered":"Caso Loan: el periodista porte\u00f1o que denunci\u00f3 una red de trata no pudo sostener sus dichos y admiti\u00f3 que no tiene pruebas"},"content":{"rendered":"\n<p>Alejandro Pueblas sostuvo ante la jueza que &#8220;no puedo probar&#8221; nada de sus graves acusaciones y asegur\u00f3 que cometi\u00f3 el error de &#8220;no decirlo en potencial&#8221;.<\/p>\n\n\n\n<p>La jueza Cristina Pozzer Penzo cit\u00f3 como testigo en la causa Loan al periodista Alejandro Pueblas, quien hab\u00eda publicado una grave denuncia sobre una supuesta red de trata en 9 de Julio.<\/p>\n\n\n\n<p>El periodista de Am\u00e9rica TV y A24 declar\u00f3 durante m\u00e1s de una hora por videoconferencia ante la jueza titular del Juzgado Federal de Goya, sin aportar ning\u00fan dato significativo para la causa.<\/p>\n\n\n\n<p>Pueblas admiti\u00f3 que &#8220;no puedo probar&#8221; nada de lo que afirm\u00f3 con elocuencia en un video que se hizo viral en las redes sociales, justificando que &#8220;la gente no se anima a hablar&#8221;.<\/p>\n\n\n\n<p>Recordemos que Pueblas hab\u00eda denunciado no s\u00f3lo una supuesta mafia en la zona donde desapareci\u00f3 Loan, sino que acus\u00f3 a diferentes funcionarios sin ning\u00fan tipo de fundamentaci\u00f3n, especulando con informaci\u00f3n que estaba bajo secreto de sumario y a la cual no pod\u00eda acceder, generando controversia a partir de opiniones personales que brindaba como aparentes datos fehacientes.&nbsp;<\/p>\n","protected":false},"excerpt":{"rendered":"<p>Alejandro Pueblas sostuvo ante la jueza que &#8220;no puedo probar&#8221; nada de sus graves acusaciones y asegur\u00f3 que cometi\u00f3 el error de &#8220;no decirlo en potencial&#8221;. La jueza Cristina Pozzer&hellip; <\/p>\n","protected":false},"author":4,"featured_media":156581,"comment_status":"closed","ping_status":"open","sticky":false,"template":"","format":"standard","meta":{"footnotes":""},"categories":[23],"tags":[],"class_list":["post-156580","post","type-post","status-publish","format-standard","has-post-thumbnail","hentry","category-actualidad"],"_links":{"self":[{"href":"https:\/\/corrientesdetarde.com\/index.php\/wp-json\/wp\/v2\/posts\/156580","targetHints":{"allow":["GET"]}}],"collection":[{"href":"https:\/\/corrientesdetarde.com\/index.php\/wp-json\/wp\/v2\/posts"}],"about":[{"href":"https:\/\/corrientesdetarde.com\/index.php\/wp-json\/wp\/v2\/types\/post"}],"author":[{"embeddable":true,"href":"https:\/\/corrientesdetarde.com\/index.php\/wp-json\/wp\/v2\/users\/4"}],"replies":[{"embeddable":true,"href":"https:\/\/corrientesdetarde.com\/index.php\/wp-json\/wp\/v2\/comments?post=156580"}],"version-history":[{"count":1,"href":"https:\/\/corrientesdetarde.com\/index.php\/wp-json\/wp\/v2\/posts\/156580\/revisions"}],"predecessor-version":[{"id":156582,"href":"https:\/\/corrientesdetarde.com\/index.php\/wp-json\/wp\/v2\/posts\/156580\/revisions\/156582"}],"wp:featuredmedia":[{"embeddable":true,"href":"https:\/\/corrientesdetarde.com\/index.php\/wp-json\/wp\/v2\/media\/156581"}],"wp:attachment":[{"href":"https:\/\/corrientesdetarde.com\/index.php\/wp-json\/wp\/v2\/media?parent=156580"}],"wp:term":[{"taxonomy":"category","embeddable":true,"href":"https:\/\/corrientesdetarde.com\/index.php\/wp-json\/wp\/v2\/categories?post=156580"},{"taxonomy":"post_tag","embeddable":true,"href":"https:\/\/corrientesdetarde.com\/index.php\/wp-json\/wp\/v2\/tags?post=156580"}],"curies":[{"name":"wp","href":"https:\/\/api.w.org\/{rel}","templated":true}]}}