{"id":156583,"date":"2024-08-01T22:21:16","date_gmt":"2024-08-02T01:21:16","guid":{"rendered":"https:\/\/corrientesdetarde.com\/?p=156583"},"modified":"2024-08-01T22:21:28","modified_gmt":"2024-08-02T01:21:28","slug":"caso-loan-el-gobierno-de-corrientes-formalizo-la-apelacion-e-insiste-en-ser-querellante","status":"publish","type":"post","link":"https:\/\/corrientesdetarde.com\/index.php\/actualidad\/caso-loan-el-gobierno-de-corrientes-formalizo-la-apelacion-e-insiste-en-ser-querellante\/","title":{"rendered":"Caso Loan: El Gobierno de Corrientes formaliz\u00f3 la apelaci\u00f3n e insiste en ser querellante"},"content":{"rendered":"\n<p>El Fiscal de Estado de Corrientes, Horacio David Ortega, confirm\u00f3 que presentaron la apelaci\u00f3n a la resoluci\u00f3n de la jueza Federal de Goya Cristina Pozzer Penzo, para que el Estado Provincial se constituya en querellante de la causa que investiga la desaparici\u00f3n de Loan Pe\u00f1a, un ni\u00f1o de cinco a\u00f1os de la localidad de 9 de Julio.\u00a0<\/p>\n\n\n\n<p>El Fiscal de Estado Horacio Ortega aseguro que la ley procesal da margen para esta acci\u00f3n, siempre entendiendo que se busca, desde la Provincia, proteger los derechos del ni\u00f1o. &#8220;El inter\u00e9s supremo de la Provincia es intervenir en la salvaguarda de los derechos del menor y finalmente, saber a ciencia cierta, qu\u00e9 fue lo que pas\u00f3 con Loan&#8221;, expreso el funcionario provincial. En tanto que las pruebas presentadas, fueron admitidas por la Jueza Federal.<\/p>\n\n\n\n<p>Entre los argumentos que se esbozan, el Estado provincial solicita la participaci\u00f3n activa en el juicio, con objetivo de hacer valer los derechos del ni\u00f1o, conforme a las convenciones internacionales vigentes. Haciendo hincapi\u00e9 en las adoptadas por Argentina, donde se impone la obligaci\u00f3n de ejercitar todas las instancias en pos de la protecci\u00f3n de los menores, m\u00e1s aun en la situaci\u00f3n de vulnerabilidad en la que se encuentra un infante. &nbsp;<\/p>\n\n\n\n<p><br>&#8220;No solo hemos solicitado constituirnos en querellantes sino que ofrecimos pruebas que la jueza ya la han incorporado a la investigaci\u00f3n. Se agregaron las declaraciones testimoniales que se dieron en el \u00e1mbito provincial y otras, con el objetivo de impulsar y contribuir a la investigaci\u00f3n&#8221;, explic\u00f3 Ortega.&nbsp;<\/p>\n\n\n\n<p>&#8220;La jueza argument\u00f3 para rechazar la querella, que los derechos del ni\u00f1o estaban garantizados por los \u00f3rganos que est\u00e1n actuando. No obstante, insistimos porque creemos que m\u00e1s all\u00e1 de lo que se est\u00e1n haciendo, por parte de los fiscales, los defensores y la Procuradur\u00eda de Trata, Explotaci\u00f3n de Personas (PROTEX) y Ministerio Pupilar y otros organismos nacionales, tambi\u00e9n tenemos la posibilidad de poder impulsar la investigaci\u00f3n desde Fiscal\u00eda de Estado&#8221;, se\u00f1al\u00f3 el funcionario provincial.&nbsp;<\/p>\n\n\n\n<p>En este sentido, el funcionario provincial dej\u00f3 en claro que existe un inter\u00e9s leg\u00edtimo en conocer y que se investigue las circunstancias que rodearon la desaparici\u00f3n del menor ya que la protecci\u00f3n del mismo interpela a todos los ciudadanos de bien.<\/p>\n\n\n\n<p>El gobierno provincial, a trav\u00e9s de sus instituciones y organismos competentes, mantiene el compromiso de garantizar que los derechos de los ni\u00f1os sean respetados y protegidos en todas las instancias judiciales. Esta acci\u00f3n que se lleva a cabo, es un paso m\u00e1s en el esfuerzo continuo por asegurar que cada ni\u00f1o en Corrientes pueda crecer en un entorno seguro, saludable y respetando sus derechos.<\/p>\n","protected":false},"excerpt":{"rendered":"<p>El Fiscal de Estado de Corrientes, Horacio David Ortega, confirm\u00f3 que presentaron la apelaci\u00f3n a la resoluci\u00f3n de la jueza Federal de Goya Cristina Pozzer Penzo, para que el Estado&hellip; <\/p>\n","protected":false},"author":4,"featured_media":156584,"comment_status":"closed","ping_status":"open","sticky":false,"template":"","format":"standard","meta":{"footnotes":""},"categories":[23],"tags":[],"class_list":["post-156583","post","type-post","status-publish","format-standard","has-post-thumbnail","hentry","category-actualidad"],"_links":{"self":[{"href":"https:\/\/corrientesdetarde.com\/index.php\/wp-json\/wp\/v2\/posts\/156583","targetHints":{"allow":["GET"]}}],"collection":[{"href":"https:\/\/corrientesdetarde.com\/index.php\/wp-json\/wp\/v2\/posts"}],"about":[{"href":"https:\/\/corrientesdetarde.com\/index.php\/wp-json\/wp\/v2\/types\/post"}],"author":[{"embeddable":true,"href":"https:\/\/corrientesdetarde.com\/index.php\/wp-json\/wp\/v2\/users\/4"}],"replies":[{"embeddable":true,"href":"https:\/\/corrientesdetarde.com\/index.php\/wp-json\/wp\/v2\/comments?post=156583"}],"version-history":[{"count":1,"href":"https:\/\/corrientesdetarde.com\/index.php\/wp-json\/wp\/v2\/posts\/156583\/revisions"}],"predecessor-version":[{"id":156585,"href":"https:\/\/corrientesdetarde.com\/index.php\/wp-json\/wp\/v2\/posts\/156583\/revisions\/156585"}],"wp:featuredmedia":[{"embeddable":true,"href":"https:\/\/corrientesdetarde.com\/index.php\/wp-json\/wp\/v2\/media\/156584"}],"wp:attachment":[{"href":"https:\/\/corrientesdetarde.com\/index.php\/wp-json\/wp\/v2\/media?parent=156583"}],"wp:term":[{"taxonomy":"category","embeddable":true,"href":"https:\/\/corrientesdetarde.com\/index.php\/wp-json\/wp\/v2\/categories?post=156583"},{"taxonomy":"post_tag","embeddable":true,"href":"https:\/\/corrientesdetarde.com\/index.php\/wp-json\/wp\/v2\/tags?post=156583"}],"curies":[{"name":"wp","href":"https:\/\/api.w.org\/{rel}","templated":true}]}}