{"id":156586,"date":"2024-08-01T22:31:19","date_gmt":"2024-08-02T01:31:19","guid":{"rendered":"https:\/\/corrientesdetarde.com\/?p=156586"},"modified":"2024-08-01T22:31:23","modified_gmt":"2024-08-02T01:31:23","slug":"gustavo-valdes-firmara-convenios-para-reactivar-obras","status":"publish","type":"post","link":"https:\/\/corrientesdetarde.com\/index.php\/politica\/gustavo-valdes-firmara-convenios-para-reactivar-obras\/","title":{"rendered":"Gustavo Vald\u00e9s firmar\u00e1 convenios para reactivar obras"},"content":{"rendered":"\n<p>El anuncio ser\u00e1 este viernes por la ma\u00f1ana.\u00a0<\/p>\n\n\n\n<p>El gobernador Gustavo Vald\u00e9s rubricar\u00e1 este 2 de agosto, un convenio con diferentes comunas de Corrientes para la ejecuci\u00f3n de distintas obras p\u00fablicas. La convocatoria tendr\u00e1 lugar en el Centro de Convenciones Corrientes (Avenida Gregorio Pomar 802), desde las 11.<\/p>\n\n\n\n<p>En la oportunidad, se firmar\u00e1n acuerdos por trabajos viales e h\u00eddricos, entre otros. El acto central se podr\u00e1 seguir en vivo a trav\u00e9s de las plataformas oficiales de Facebook (GustavoValdesOk) y Youtube (@GobiernodeCorrientes).<\/p>\n","protected":false},"excerpt":{"rendered":"<p>El anuncio ser\u00e1 este viernes por la ma\u00f1ana.\u00a0 El gobernador Gustavo Vald\u00e9s rubricar\u00e1 este 2 de agosto, un convenio con diferentes comunas de Corrientes para la ejecuci\u00f3n de distintas obras&hellip; <\/p>\n","protected":false},"author":4,"featured_media":156587,"comment_status":"closed","ping_status":"open","sticky":false,"template":"","format":"standard","meta":{"footnotes":""},"categories":[3],"tags":[],"class_list":["post-156586","post","type-post","status-publish","format-standard","has-post-thumbnail","hentry","category-politica"],"_links":{"self":[{"href":"https:\/\/corrientesdetarde.com\/index.php\/wp-json\/wp\/v2\/posts\/156586","targetHints":{"allow":["GET"]}}],"collection":[{"href":"https:\/\/corrientesdetarde.com\/index.php\/wp-json\/wp\/v2\/posts"}],"about":[{"href":"https:\/\/corrientesdetarde.com\/index.php\/wp-json\/wp\/v2\/types\/post"}],"author":[{"embeddable":true,"href":"https:\/\/corrientesdetarde.com\/index.php\/wp-json\/wp\/v2\/users\/4"}],"replies":[{"embeddable":true,"href":"https:\/\/corrientesdetarde.com\/index.php\/wp-json\/wp\/v2\/comments?post=156586"}],"version-history":[{"count":1,"href":"https:\/\/corrientesdetarde.com\/index.php\/wp-json\/wp\/v2\/posts\/156586\/revisions"}],"predecessor-version":[{"id":156588,"href":"https:\/\/corrientesdetarde.com\/index.php\/wp-json\/wp\/v2\/posts\/156586\/revisions\/156588"}],"wp:featuredmedia":[{"embeddable":true,"href":"https:\/\/corrientesdetarde.com\/index.php\/wp-json\/wp\/v2\/media\/156587"}],"wp:attachment":[{"href":"https:\/\/corrientesdetarde.com\/index.php\/wp-json\/wp\/v2\/media?parent=156586"}],"wp:term":[{"taxonomy":"category","embeddable":true,"href":"https:\/\/corrientesdetarde.com\/index.php\/wp-json\/wp\/v2\/categories?post=156586"},{"taxonomy":"post_tag","embeddable":true,"href":"https:\/\/corrientesdetarde.com\/index.php\/wp-json\/wp\/v2\/tags?post=156586"}],"curies":[{"name":"wp","href":"https:\/\/api.w.org\/{rel}","templated":true}]}}