{"id":156778,"date":"2024-08-02T16:51:46","date_gmt":"2024-08-02T19:51:46","guid":{"rendered":"https:\/\/corrientesdetarde.com\/?p=156778"},"modified":"2024-08-02T16:53:28","modified_gmt":"2024-08-02T19:53:28","slug":"156778","status":"publish","type":"post","link":"https:\/\/corrientesdetarde.com\/index.php\/deportes\/156778\/","title":{"rendered":"Ituzaing\u00f3: visita del Profesor Alejandro Alvarez, Presidente de la Asociaci\u00f3n Correntina de Wushu Kung Fu"},"content":{"rendered":"\n<p>El s\u00e1bado 3 de Agosto, visitar\u00e1 la Ciudad de Ituzaing\u00f3 el Profesor Alejandro Alvarez, Presidente de la Asociaci\u00f3n Correntina de Wushu Kung Fu, \u00fanica entidad representante de las Artes Marciales Chinas en la Provincia de Corrientes. En esta ocasi\u00f3n visitar\u00e1 la Ciudad para realizar un entrenamiento con su representante en la Ciudad, la Profesora Ang\u00e9lica Sosa, que desde 2018 forma parte de la Asociaci\u00f3n Correntina. Con la Profesora Ang\u00e9lica a las 18hs realizaremos una clase de pr\u00e1cticas &#8220;pre torneo&#8221; para participar de la Copa Wushu Posadas el d\u00eda 4 representando a la Provincia de Corrientes en el evento, como as\u00ed tambi\u00e9n una Mini Clase Abierta de Taijiquan para todos los que quieran conocer.<br>Tambi\u00e9n invitamos a todos los interesados en sumarse a la Asociaci\u00f3n Correntina de Wushu Kung Fu para que participen del entrenamiento y mini clase abierta, con la idea de aunar fuerzas para que el Wushu crezca en la Provincia de forma unida!<\/p>\n\n\n\n<p>El lugar es a Confirmar, los interesados deber\u00e1n consultar con la Profesora Ang\u00e9lica Sosa tel\u00e9fono 3786401036, que es la Organizadora del Entrenamiento.<\/p>\n\n\n\n<p>El Profesor Alvarez lleva 26 a\u00f1os de Pr\u00e1ctica en las Artes Marciales Chinas y desde 2012 difundiendo como Profesor, entre los estilos que se ense\u00f1a Wushu Moderno, Taijiquan Tradicional Yang y Taijiquan Moderno en la Capital Correntina, mientras que en la Ciudad de Ituzaing\u00f3 la Profesora Ang\u00e9lica Sosa tambi\u00e9n recibida en 2012 viene realizando difusi\u00f3n y representaci\u00f3n de la Ciudad en diversos eventos hasta la actualidad.<\/p>\n\n\n\n<figure class=\"wp-block-image size-large\"><img loading=\"lazy\" decoding=\"async\" width=\"819\" height=\"1024\" src=\"https:\/\/corrientesdetarde.com\/wp-content\/uploads\/2024\/08\/image-76-819x1024.png\" alt=\"\" class=\"wp-image-156780\"\/><\/figure>\n\n\n\n<figure class=\"wp-block-image size-large\"><img loading=\"lazy\" decoding=\"async\" width=\"731\" height=\"1024\" src=\"https:\/\/corrientesdetarde.com\/wp-content\/uploads\/2024\/08\/image-75-731x1024.png\" alt=\"\" class=\"wp-image-156779\" srcset=\"https:\/\/corrientesdetarde.com\/wp-content\/uploads\/2024\/08\/image-75-731x1024.png 731w, https:\/\/corrientesdetarde.com\/wp-content\/uploads\/2024\/08\/image-75-214x300.png 214w, https:\/\/corrientesdetarde.com\/wp-content\/uploads\/2024\/08\/image-75-768x1076.png 768w, https:\/\/corrientesdetarde.com\/wp-content\/uploads\/2024\/08\/image-75.png 1080w\" sizes=\"auto, (max-width: 731px) 100vw, 731px\" \/><\/figure>\n","protected":false},"excerpt":{"rendered":"<p>El s\u00e1bado 3 de Agosto, visitar\u00e1 la Ciudad de Ituzaing\u00f3 el Profesor Alejandro Alvarez, Presidente de la Asociaci\u00f3n Correntina de Wushu Kung Fu, \u00fanica entidad representante de las Artes Marciales&hellip; <\/p>\n","protected":false},"author":12,"featured_media":156780,"comment_status":"closed","ping_status":"open","sticky":false,"template":"","format":"standard","meta":{"footnotes":""},"categories":[4,1208],"tags":[],"class_list":["post-156778","post","type-post","status-publish","format-standard","has-post-thumbnail","hentry","category-deportes","category-eventossociedad"],"_links":{"self":[{"href":"https:\/\/corrientesdetarde.com\/index.php\/wp-json\/wp\/v2\/posts\/156778","targetHints":{"allow":["GET"]}}],"collection":[{"href":"https:\/\/corrientesdetarde.com\/index.php\/wp-json\/wp\/v2\/posts"}],"about":[{"href":"https:\/\/corrientesdetarde.com\/index.php\/wp-json\/wp\/v2\/types\/post"}],"author":[{"embeddable":true,"href":"https:\/\/corrientesdetarde.com\/index.php\/wp-json\/wp\/v2\/users\/12"}],"replies":[{"embeddable":true,"href":"https:\/\/corrientesdetarde.com\/index.php\/wp-json\/wp\/v2\/comments?post=156778"}],"version-history":[{"count":2,"href":"https:\/\/corrientesdetarde.com\/index.php\/wp-json\/wp\/v2\/posts\/156778\/revisions"}],"predecessor-version":[{"id":156783,"href":"https:\/\/corrientesdetarde.com\/index.php\/wp-json\/wp\/v2\/posts\/156778\/revisions\/156783"}],"wp:featuredmedia":[{"embeddable":true,"href":"https:\/\/corrientesdetarde.com\/index.php\/wp-json\/wp\/v2\/media\/156780"}],"wp:attachment":[{"href":"https:\/\/corrientesdetarde.com\/index.php\/wp-json\/wp\/v2\/media?parent=156778"}],"wp:term":[{"taxonomy":"category","embeddable":true,"href":"https:\/\/corrientesdetarde.com\/index.php\/wp-json\/wp\/v2\/categories?post=156778"},{"taxonomy":"post_tag","embeddable":true,"href":"https:\/\/corrientesdetarde.com\/index.php\/wp-json\/wp\/v2\/tags?post=156778"}],"curies":[{"name":"wp","href":"https:\/\/api.w.org\/{rel}","templated":true}]}}