{"id":156784,"date":"2024-08-02T17:29:50","date_gmt":"2024-08-02T20:29:50","guid":{"rendered":"https:\/\/corrientesdetarde.com\/?p=156784"},"modified":"2024-08-02T17:30:02","modified_gmt":"2024-08-02T20:30:02","slug":"el-sindicato-de-camioneros-fue-a-la-justicia-para-frenar-el-impuesto-a-las-ganancias","status":"publish","type":"post","link":"https:\/\/corrientesdetarde.com\/index.php\/nacionales\/el-sindicato-de-camioneros-fue-a-la-justicia-para-frenar-el-impuesto-a-las-ganancias\/","title":{"rendered":"El Sindicato de Camioneros fue a la Justicia para frenar el Impuesto a las Ganancias"},"content":{"rendered":"\n<p>GuLa organizaci\u00f3n que lidera Hugo Moyano present\u00f3 una medida cautelar contra la aplicaci\u00f3n del gravamen a los empleados de su actividad. Se sum\u00f3 a otros gremios que hicieron lo mismo. La estrategia de la CGT y su pedido que fue deso\u00eddo por el Gobiernoardar<\/p>\n\n\n\n<p>La&nbsp;<strong>Federaci\u00f3n Nacional de Trabajadores Camioneros<\/strong>&nbsp;present\u00f3 una&nbsp;<strong>denuncia judicial<\/strong>&nbsp;para frenar el pago del&nbsp;<strong>Impuesto a las Ganancias&nbsp;<\/strong>por considerarlo&nbsp;<strong>\u201cinconstitucional e inaplicable\u201d&nbsp;<\/strong>ya que, argument\u00f3, atenta contra el derecho a una remuneraci\u00f3n justa y los convenios colectivos de trabajo.<\/p>\n\n\n\n<p><a href=\"https:\/\/www.infobae.com\/politica\/2024\/08\/02\/karina-milei-desestima-las-criticas-de-mauricio-macri-en-publico-pero-acumula-malestar-y-habilita-a-sus-alfiles-para-marcarle-el-terreno\/\" target=\"_blank\" rel=\"noreferrer noopener\"><\/a>El sindicato que lidera\u00a0<strong>Hugo Moyano<\/strong>\u00a0se sum\u00f3 as\u00ed a otras organizaciones, como la Asociaci\u00f3n Bancaria, que pidi\u00f3 una medida cautelar contra el llamado \u201cimpuesto al salario\u201d, que el gobierno de Javier Milei\u00a0<strong>restituy\u00f3\u00a0<\/strong>mediante la Ley 27.743, luego de que fue eliminado en la gesti\u00f3n de Alberto Fern\u00e1ndez.<\/p>\n\n\n\n<p>Adem\u00e1s de los bancarios, protestan contra el regreso de Ganancias sindicatos como Petroleros, Judiciales, Seguro, Sanidad, Aeron\u00e1uticos, Dragado y Balizamiento y Mar\u00edtimos, entre otros, con una estrategia coordinada que es avanzar con la presentaciones&nbsp;<strong>colectivas&nbsp;<\/strong>y luego con las&nbsp;<strong>individuales<\/strong>&nbsp;por parte de los trabajadores que se sientan perjudicados en sus salarios por el pago del gravamen.<\/p>\n\n\n\n<p><a href=\"https:\/\/www.infobae.com\/politica\/2024\/08\/02\/chats-de-los-seguros-las-selfies-del-broker-martinez-sosa-en-olivos-y-el-dinero-para-los-muchachos-de-la-oficina\/\" target=\"_blank\" rel=\"noreferrer noopener\"><\/a>Seg\u00fan la nueva ley, desde julio pagar\u00e1n nuevamente el impuesto aquellos trabajadores que perciben un salario bruto de\u00a0<strong>1,8 millones de pesos\u00a0<\/strong>si son solteros y de\u00a0<strong>2,2 millones de pesos<\/strong>\u00a0si son casados y con hijos<strong>,\u00a0<\/strong>que representan unos800.000 en total. Anteriormente, el m\u00ednimo no imponible era de\u00a0<strong>15 salarios m\u00ednimos,\u00a0<\/strong>equivalentes a 2.340.000 pesos hasta junio y 3.500.000 pesos desde julio.<\/p>\n\n\n\n<p>La&nbsp;<strong>CGT&nbsp;<\/strong>decidi\u00f3<strong>&nbsp;no hacer una presentaci\u00f3n judicial&nbsp;<\/strong>contra Ganancias para evitar su eventual rechazo y prefiri\u00f3 que ese recurso fuera&nbsp;<strong>impulsado por cada sindicato.<\/strong>&nbsp;Incluso le pidi\u00f3 hace dos demandas al secretario de Trabajo,&nbsp;<strong>Julio Cordero,<\/strong>&nbsp;que se&nbsp;<strong>actualizara el piso<\/strong>&nbsp;a partir del cual se paga el tributo, pero el Gobierno finalmente reglament\u00f3 la ley<strong>&nbsp;sin tocar ese monto<\/strong>&nbsp;que ped\u00edan los sindicalistas.<\/p>\n\n\n\n<p><a href=\"https:\/\/www.infobae.com\/politica\/2024\/08\/02\/karina-milei-mantuvo-una-reunion-con-el-gobernador-rogelio-frigerio-para-debatir-sobre-la-estrategia-electoral-de-2025\/\" target=\"_blank\" rel=\"noreferrer noopener\"><\/a>Sin embargo, el m\u00ednimo no imponible se actualizar\u00e1 en\u00a0<strong>septiembre,<\/strong>\u00a0de manera trimestral, y despu\u00e9s se har\u00e1\u00a0<strong>semestralmente\u00a0<\/strong>en funci\u00f3n del aumento del \u00cdndice de Precios al Consumidor (IPC).<\/p>\n\n\n\n<p><img loading=\"lazy\" decoding=\"async\" alt=\"Juan Pablo Brey, Sergio Palazzo, Pablo Moyano y Mario Manrique, en la reuni\u00f3n donde se acord\u00f3 la estrategia sobre Ganancias\n\" height=\"1080\" width=\"1920\" class=\"\" src=\"https:\/\/www.infobae.com\/new-resizer\/9pRqx77idSRkdG19F_MJmfsiL6w=\/420x236\/filters:format(webp):quality(85)\/cloudfront-us-east-1.images.arcpublishing.com\/infobae\/HQIEOGX2MBC4FNVJYEXV4CREYU.jpg%20420w\" srcset=\"https:\/\/www.infobae.com\/new-resizer\/9pRqx77idSRkdG19F_MJmfsiL6w=\/420x236\/filters:format(webp):quality(85)\/cloudfront-us-east-1.images.arcpublishing.com\/infobae\/HQIEOGX2MBC4FNVJYEXV4CREYU.jpg 420w,https:\/\/www.infobae.com\/new-resizer\/mgCb16mGE1uu3LhO9ggPZZ2bV6U=\/768x432\/filters:format(webp):quality(85)\/cloudfront-us-east-1.images.arcpublishing.com\/infobae\/HQIEOGX2MBC4FNVJYEXV4CREYU.jpg 768w,https:\/\/www.infobae.com\/new-resizer\/V4Etjy0bv0YQSBkuFZlyUUjt19g=\/992x558\/filters:format(webp):quality(85)\/cloudfront-us-east-1.images.arcpublishing.com\/infobae\/HQIEOGX2MBC4FNVJYEXV4CREYU.jpg 992w,https:\/\/www.infobae.com\/new-resizer\/jP7_MAK4zGHe4ylqUD4WP9VR8YQ=\/1200x675\/filters:format(webp):quality(85)\/cloudfront-us-east-1.images.arcpublishing.com\/infobae\/HQIEOGX2MBC4FNVJYEXV4CREYU.jpg 1200w,https:\/\/www.infobae.com\/new-resizer\/sy0TYVccJtjK2JypvmUmbcZLizU=\/1440x810\/filters:format(webp):quality(85)\/cloudfront-us-east-1.images.arcpublishing.com\/infobae\/HQIEOGX2MBC4FNVJYEXV4CREYU.jpg 1440w\">Juan Pablo Brey, Sergio Palazzo, Pablo Moyano y Mario Manrique, en la reuni\u00f3n donde se acord\u00f3 la estrategia sobre Ganancias<\/p>\n\n\n\n<p>El malestar sindical fue increment\u00e1ndose porque el decreto reglamentario&nbsp;<strong>except\u00faa&nbsp;<\/strong>del pago de Ganancias al personal del sector petrolero y a los empleados de Tierra del Fuego, que siguen amparados por la Ley 19.640 que fija el R\u00e9gimen de Promoci\u00f3n Econ\u00f3mica y Fiscal. Por eso hubo muchas cr\u00edticas porque se considera&nbsp;<strong>discriminatorio&nbsp;<\/strong>hacia otros trabajadores e incluso ilegal porque&nbsp;<strong>un decreto no puede dar m\u00e1s beneficios que una ley.<\/strong><\/p>\n\n\n\n<p>En un plenario con sindicatos kirchneristas,&nbsp;<strong>Pablo Moyano,<\/strong>&nbsp;cotitular de la CGT, calific\u00f3 a Ganancias como \u201c<strong>un impuesto regresivo por el que se pierde el 30% de los salarios\u201d&nbsp;<\/strong>y consider\u00f3 que hay una<strong>&nbsp;\u201ccontradicci\u00f3n\u201d&nbsp;<\/strong>por parte del Gobiernoporque \u201clos gremios de transporte fuimos&nbsp;<strong>esenciales&nbsp;<\/strong>durante la pandemia y&nbsp;<strong>hoy nos vuelven a castigar sac\u00e1ndonos parte del salario\u201d.<\/strong><\/p>\n\n\n\n<p>Anticip\u00f3 all\u00ed quela presentaci\u00f3n judicial \u201cla van a armar los abogados de cada espacio\u201d y que \u201cel d\u00eda de la presentaci\u00f3n va a haber&nbsp;<strong>una gran movilizaci\u00f3n a Tribunales<\/strong>&nbsp;para que los jueces entiendan que el salario no es ganancia\u201d. Esa protesta tendr\u00e1 lugar seguramente en los&nbsp;<strong>pr\u00f3ximos 15 d\u00edas.<\/strong><\/p>\n\n\n\n<p><img loading=\"lazy\" decoding=\"async\" height=\"1080\" width=\"1920\" srcset=\"https:\/\/www.infobae.com\/new-resizer\/02o_2DLQZpnhuquylBm6EH-cw-o=\/420x236\/filters:format(webp):quality(85)\/cloudfront-us-east-1.images.arcpublishing.com\/infobae\/RIQVTOYO7ZHBZBCZMUYLGVAEZ4.jpg 420w,https:\/\/www.infobae.com\/new-resizer\/EV9gf7HVunkhTnLVmBltb7thkAs=\/768x432\/filters:format(webp):quality(85)\/cloudfront-us-east-1.images.arcpublishing.com\/infobae\/RIQVTOYO7ZHBZBCZMUYLGVAEZ4.jpg 768w,https:\/\/www.infobae.com\/new-resizer\/hXX8FFGLB7St6jmfZIUWpJUw-zs=\/992x558\/filters:format(webp):quality(85)\/cloudfront-us-east-1.images.arcpublishing.com\/infobae\/RIQVTOYO7ZHBZBCZMUYLGVAEZ4.jpg 992w,https:\/\/www.infobae.com\/new-resizer\/GfvRyI0BDwx7u9Fz1TpyCd4TGNQ=\/1200x675\/filters:format(webp):quality(85)\/cloudfront-us-east-1.images.arcpublishing.com\/infobae\/RIQVTOYO7ZHBZBCZMUYLGVAEZ4.jpg 1200w,https:\/\/www.infobae.com\/new-resizer\/SgjGRqJSYp-tnOk3O6HQW2UfP24=\/1440x810\/filters:format(webp):quality(85)\/cloudfront-us-east-1.images.arcpublishing.com\/infobae\/RIQVTOYO7ZHBZBCZMUYLGVAEZ4.jpg 1440w\" class=\"\" src=\"https:\/\/www.infobae.com\/new-resizer\/02o_2DLQZpnhuquylBm6EH-cw-o=\/420x236\/filters:format(webp):quality(85)\/cloudfront-us-east-1.images.arcpublishing.com\/infobae\/RIQVTOYO7ZHBZBCZMUYLGVAEZ4.jpg%20420w\" alt=\"Los sindicatos prev\u00e9n una movilizaci\u00f3n ante Tribunales cuando hagan la presentaci\u00f3n contra el Impuesto a las Ganancias (Foto AP\/Rodrigo Abd)\">Los sindicatos prev\u00e9n una movilizaci\u00f3n ante Tribunales cuando hagan la presentaci\u00f3n contra el Impuesto a las Ganancias <\/p>\n\n\n\n<p>Por su parte,&nbsp;<strong>Sergio Palazzo,&nbsp;<\/strong>l\u00edder del gremio bancario, fue uno de los primeros que hizo una presentaci\u00f3n ante la Justicia para impugnar el Impuesto a las Ganancias porque afecta al&nbsp;<strong>95%<\/strong>&nbsp;de los trabajadores de la actividad:&nbsp;<strong>\u201cEs confiscatorio y es una rebaja salarial encubierta\u201d<\/strong>, afirm\u00f3.<\/p>\n\n\n\n<p>\u201cImag\u00ednese una persona que, como tantas otras en la Argentina, se separa y tiene que pagar una cuota alimentaria y de (salario) neto le qued\u00f3 1.200.000 pesos. Tiene que pagar una cuota alimentaria de 300.000 o 400.000 pesos, con lo cual pagara impuestos sobre 800.000, esto es&nbsp;<strong>menos de la canasta para no ser pobre.<\/strong>&nbsp;Es una cosa absolutamente il\u00f3gica, es alimentario el salario\u201d, sostuvo.<\/p>\n","protected":false},"excerpt":{"rendered":"<p>GuLa organizaci\u00f3n que lidera Hugo Moyano present\u00f3 una medida cautelar contra la aplicaci\u00f3n del gravamen a los empleados de su actividad. Se sum\u00f3 a otros gremios que hicieron lo mismo.&hellip; <\/p>\n","protected":false},"author":8,"featured_media":156785,"comment_status":"closed","ping_status":"open","sticky":false,"template":"","format":"standard","meta":{"footnotes":""},"categories":[10],"tags":[],"class_list":["post-156784","post","type-post","status-publish","format-standard","has-post-thumbnail","hentry","category-nacionales"],"_links":{"self":[{"href":"https:\/\/corrientesdetarde.com\/index.php\/wp-json\/wp\/v2\/posts\/156784","targetHints":{"allow":["GET"]}}],"collection":[{"href":"https:\/\/corrientesdetarde.com\/index.php\/wp-json\/wp\/v2\/posts"}],"about":[{"href":"https:\/\/corrientesdetarde.com\/index.php\/wp-json\/wp\/v2\/types\/post"}],"author":[{"embeddable":true,"href":"https:\/\/corrientesdetarde.com\/index.php\/wp-json\/wp\/v2\/users\/8"}],"replies":[{"embeddable":true,"href":"https:\/\/corrientesdetarde.com\/index.php\/wp-json\/wp\/v2\/comments?post=156784"}],"version-history":[{"count":1,"href":"https:\/\/corrientesdetarde.com\/index.php\/wp-json\/wp\/v2\/posts\/156784\/revisions"}],"predecessor-version":[{"id":156786,"href":"https:\/\/corrientesdetarde.com\/index.php\/wp-json\/wp\/v2\/posts\/156784\/revisions\/156786"}],"wp:featuredmedia":[{"embeddable":true,"href":"https:\/\/corrientesdetarde.com\/index.php\/wp-json\/wp\/v2\/media\/156785"}],"wp:attachment":[{"href":"https:\/\/corrientesdetarde.com\/index.php\/wp-json\/wp\/v2\/media?parent=156784"}],"wp:term":[{"taxonomy":"category","embeddable":true,"href":"https:\/\/corrientesdetarde.com\/index.php\/wp-json\/wp\/v2\/categories?post=156784"},{"taxonomy":"post_tag","embeddable":true,"href":"https:\/\/corrientesdetarde.com\/index.php\/wp-json\/wp\/v2\/tags?post=156784"}],"curies":[{"name":"wp","href":"https:\/\/api.w.org\/{rel}","templated":true}]}}