{"id":156787,"date":"2024-08-02T17:41:22","date_gmt":"2024-08-02T20:41:22","guid":{"rendered":"https:\/\/corrientesdetarde.com\/?p=156787"},"modified":"2024-08-02T17:41:26","modified_gmt":"2024-08-02T20:41:26","slug":"docentes-participaron-del-3-encuentro-de-capacitaciones-del-programa-infancia","status":"publish","type":"post","link":"https:\/\/corrientesdetarde.com\/index.php\/educacion\/docentes-participaron-del-3-encuentro-de-capacitaciones-del-programa-infancia\/","title":{"rendered":"Docentes participaron del 3\u00b0 encuentro de capacitaciones del Programa Infancia"},"content":{"rendered":"\n<p>Docentes de Capital y San Cosme participaron este viernes del tercer encuentro del Programa Infancia de formaci\u00f3n para nivel inicial. La actividad tuvo lugar en el campus Deodoro Roca de la capital provincial.<\/p>\n\n\n\n<p>Infancia es un programa creado en el marco de un acuerdo entre la Fundaci\u00f3n P\u00e9rez Companc, el Conicet y el Ministerio de Educaci\u00f3n correntino y apunta, entre otras cosas, a potenciar el lenguaje infantil y los aprendizajes tempranos, teniendo en cuenta que la educaci\u00f3n inicial es de crucial importancia tanto para el desarrollo cognitivo como para el desarrollo del lenguaje y el acceso y dominio de la alfabetizaci\u00f3n.<\/p>\n\n\n\n<p>\u201cEstamos trabajando en torno a la importancia que tiene la lectura de cuentos para el desarrollo del lenguaje y el proceso de alfabetizaci\u00f3n, focaliz\u00e1ndonos en c\u00f3mo promover habilidades de comprensi\u00f3n en ni\u00f1os de nivel inicial\u201d explic\u00f3 la capacitadora Alejandra Stein y cont\u00f3 tambi\u00e9n que esta semana se realizaron encuentros en Goya e Ituzaing\u00f3. \u201cSe trata del tercer encuentro que estamos realizando este a\u00f1o, y es parte de todo un proceso enmarcado en el plan de Compromiso para la Alfabetizaci\u00f3n\u201d.<\/p>\n\n\n\n<figure class=\"wp-block-image size-large\"><img loading=\"lazy\" decoding=\"async\" width=\"1024\" height=\"768\" src=\"https:\/\/corrientesdetarde.com\/wp-content\/uploads\/2024\/08\/image-77-1024x768.png\" alt=\"\" class=\"wp-image-156788\" srcset=\"https:\/\/corrientesdetarde.com\/wp-content\/uploads\/2024\/08\/image-77-1024x768.png 1024w, https:\/\/corrientesdetarde.com\/wp-content\/uploads\/2024\/08\/image-77-300x225.png 300w, https:\/\/corrientesdetarde.com\/wp-content\/uploads\/2024\/08\/image-77-768x576.png 768w, https:\/\/corrientesdetarde.com\/wp-content\/uploads\/2024\/08\/image-77-1536x1152.png 1536w, https:\/\/corrientesdetarde.com\/wp-content\/uploads\/2024\/08\/image-77.png 1600w\" sizes=\"auto, (max-width: 1024px) 100vw, 1024px\" \/><\/figure>\n\n\n\n<figure class=\"wp-block-image size-large\"><img loading=\"lazy\" decoding=\"async\" width=\"768\" height=\"1024\" src=\"https:\/\/corrientesdetarde.com\/wp-content\/uploads\/2024\/08\/image-78-768x1024.png\" alt=\"\" class=\"wp-image-156789\" srcset=\"https:\/\/corrientesdetarde.com\/wp-content\/uploads\/2024\/08\/image-78-768x1024.png 768w, https:\/\/corrientesdetarde.com\/wp-content\/uploads\/2024\/08\/image-78-225x300.png 225w, https:\/\/corrientesdetarde.com\/wp-content\/uploads\/2024\/08\/image-78-1152x1536.png 1152w, https:\/\/corrientesdetarde.com\/wp-content\/uploads\/2024\/08\/image-78.png 1200w\" sizes=\"auto, (max-width: 768px) 100vw, 768px\" \/><\/figure>\n\n\n\n<figure class=\"wp-block-image size-large\"><img loading=\"lazy\" decoding=\"async\" width=\"768\" height=\"1024\" src=\"https:\/\/corrientesdetarde.com\/wp-content\/uploads\/2024\/08\/image-79-768x1024.png\" alt=\"\" class=\"wp-image-156790\" srcset=\"https:\/\/corrientesdetarde.com\/wp-content\/uploads\/2024\/08\/image-79-768x1024.png 768w, https:\/\/corrientesdetarde.com\/wp-content\/uploads\/2024\/08\/image-79-225x300.png 225w, https:\/\/corrientesdetarde.com\/wp-content\/uploads\/2024\/08\/image-79-1152x1536.png 1152w, https:\/\/corrientesdetarde.com\/wp-content\/uploads\/2024\/08\/image-79.png 1200w\" sizes=\"auto, (max-width: 768px) 100vw, 768px\" \/><\/figure>\n","protected":false},"excerpt":{"rendered":"<p>Docentes de Capital y San Cosme participaron este viernes del tercer encuentro del Programa Infancia de formaci\u00f3n para nivel inicial. La actividad tuvo lugar en el campus Deodoro Roca de&hellip; <\/p>\n","protected":false},"author":8,"featured_media":156791,"comment_status":"closed","ping_status":"open","sticky":false,"template":"","format":"standard","meta":{"footnotes":""},"categories":[32],"tags":[],"class_list":["post-156787","post","type-post","status-publish","format-standard","has-post-thumbnail","hentry","category-educacion"],"_links":{"self":[{"href":"https:\/\/corrientesdetarde.com\/index.php\/wp-json\/wp\/v2\/posts\/156787","targetHints":{"allow":["GET"]}}],"collection":[{"href":"https:\/\/corrientesdetarde.com\/index.php\/wp-json\/wp\/v2\/posts"}],"about":[{"href":"https:\/\/corrientesdetarde.com\/index.php\/wp-json\/wp\/v2\/types\/post"}],"author":[{"embeddable":true,"href":"https:\/\/corrientesdetarde.com\/index.php\/wp-json\/wp\/v2\/users\/8"}],"replies":[{"embeddable":true,"href":"https:\/\/corrientesdetarde.com\/index.php\/wp-json\/wp\/v2\/comments?post=156787"}],"version-history":[{"count":1,"href":"https:\/\/corrientesdetarde.com\/index.php\/wp-json\/wp\/v2\/posts\/156787\/revisions"}],"predecessor-version":[{"id":156792,"href":"https:\/\/corrientesdetarde.com\/index.php\/wp-json\/wp\/v2\/posts\/156787\/revisions\/156792"}],"wp:featuredmedia":[{"embeddable":true,"href":"https:\/\/corrientesdetarde.com\/index.php\/wp-json\/wp\/v2\/media\/156791"}],"wp:attachment":[{"href":"https:\/\/corrientesdetarde.com\/index.php\/wp-json\/wp\/v2\/media?parent=156787"}],"wp:term":[{"taxonomy":"category","embeddable":true,"href":"https:\/\/corrientesdetarde.com\/index.php\/wp-json\/wp\/v2\/categories?post=156787"},{"taxonomy":"post_tag","embeddable":true,"href":"https:\/\/corrientesdetarde.com\/index.php\/wp-json\/wp\/v2\/tags?post=156787"}],"curies":[{"name":"wp","href":"https:\/\/api.w.org\/{rel}","templated":true}]}}