{"id":156793,"date":"2024-08-02T17:49:02","date_gmt":"2024-08-02T20:49:02","guid":{"rendered":"https:\/\/corrientesdetarde.com\/?p=156793"},"modified":"2024-08-02T17:49:06","modified_gmt":"2024-08-02T20:49:06","slug":"preocupacion-en-chile-por-la-salud-de-cecilia-bolocco-que-le-pasa","status":"publish","type":"post","link":"https:\/\/corrientesdetarde.com\/index.php\/espectaculos\/preocupacion-en-chile-por-la-salud-de-cecilia-bolocco-que-le-pasa\/","title":{"rendered":"Preocupaci\u00f3n en Chile por la salud de Cecilia Bolocco: qu\u00e9 le pasa"},"content":{"rendered":"\n<p>La exmujer de Carlos Menem us\u00f3 una silla de ruedas para ir a una cl\u00ednica en Santiago de Chile. Ya se la hab\u00eda visto en ese estado en marzo de este a\u00f1o.<\/p>\n\n\n\n<p>Aunque retirada del mundo del espect\u00e1culo y cuidadosa con su vida privada,&nbsp;<strong>Cecilia Bolocco reapareci\u00f3 esta semana en los medios de Chile cuando la encontraron saliendo de una cl\u00ednica, otra vez en silla de ruedas<\/strong>.<\/p>\n\n\n\n<p>La exesposa de Carlos Menem\u00a0<strong>fue diagnosticada en 2023 con una condici\u00f3n llamada neutropenia severa<\/strong>, que implica una reducci\u00f3n en la cantidad de gl\u00f3bulos blancos, que son las principales c\u00e9lulas de defensa contra las infecciones en el cuerpo.<\/p>\n\n\n\n<p>&#8220;No estoy bien de salud, no tengo tan bien las defensas. Me tengo que ir a sacar m\u00e1s sangre, ayer me hice un examen porque no tengo defensas. Tengo neutropenia severa&#8221;, revel\u00f3 en su momento la exMiss Universo.<\/p>\n\n\n\n<p><strong>Bolocco, de 59 a\u00f1os, ya hab\u00eda sido vista en silla de ruedas en marzo de 2024<\/strong>, justamente cuando tuvo que ir a la guardia de un centro m\u00e9dico.<\/p>\n\n\n\n<p>Desde&nbsp;<strong>el entorno de Cecilia Bolocco &#8220;cuidan mucho su intimidad&#8221;<\/strong>, como explic\u00f3 su hermana Diana, que s\u00ed se mueve en los medios porque es la presentadora de la versi\u00f3n de Chile de &#8220;Gran Hermano&#8221;.<\/p>\n\n\n\n<p>En vez de perder el tiempo charlando con los paparazzi, la exesposa de Carlos Menem reaparecer\u00e1 este domingo en la televisi\u00f3n de Chile para dar una entrevista en la que contar\u00e1 c\u00f3mo se siente y c\u00f3mo est\u00e1 de salud.<\/p>\n\n\n\n<p>Mientras tanto, otro que sigue la l\u00ednea de la discreci\u00f3n es M\u00e1ximo Menem, quien hizo una incursi\u00f3n en el modelaje a mediados de 2023&nbsp;<strong>con el nombre de M\u00e1ximo Bolocco<\/strong>&nbsp;y luego aterriz\u00f3 en el reality show &#8220;Top Chef VIP&#8221; (la versi\u00f3n chilena de &#8220;MasterChef&#8221;) y del cual result\u00f3 el d\u00e9cimo eliminado del certamen.<\/p>\n\n\n\n<p>El hijo menor de Carlos Menem\u00a0<strong>supo capitalizar el nombre de su madre, que es considerada &#8220;la reina&#8221; de los medios de comunicaci\u00f3n de Chile<\/strong>\u00a0para hacer una carrera sin el lastre pol\u00edtico de su apellido paterno.<\/p>\n\n\n\n<p>&#8220;Es<strong>&nbsp;como si ac\u00e1 fuera el hijo de Susana Gim\u00e9nez<\/strong>&#8220;, explicaron a principio de a\u00f1o en el programa &#8220;Intrusos&#8221;, de este lado de la cordillera.<\/p>\n","protected":false},"excerpt":{"rendered":"<p>La exmujer de Carlos Menem us\u00f3 una silla de ruedas para ir a una cl\u00ednica en Santiago de Chile. Ya se la hab\u00eda visto en ese estado en marzo de&hellip; <\/p>\n","protected":false},"author":8,"featured_media":156794,"comment_status":"closed","ping_status":"open","sticky":false,"template":"","format":"standard","meta":{"footnotes":""},"categories":[19],"tags":[],"class_list":["post-156793","post","type-post","status-publish","format-standard","has-post-thumbnail","hentry","category-espectaculos"],"_links":{"self":[{"href":"https:\/\/corrientesdetarde.com\/index.php\/wp-json\/wp\/v2\/posts\/156793","targetHints":{"allow":["GET"]}}],"collection":[{"href":"https:\/\/corrientesdetarde.com\/index.php\/wp-json\/wp\/v2\/posts"}],"about":[{"href":"https:\/\/corrientesdetarde.com\/index.php\/wp-json\/wp\/v2\/types\/post"}],"author":[{"embeddable":true,"href":"https:\/\/corrientesdetarde.com\/index.php\/wp-json\/wp\/v2\/users\/8"}],"replies":[{"embeddable":true,"href":"https:\/\/corrientesdetarde.com\/index.php\/wp-json\/wp\/v2\/comments?post=156793"}],"version-history":[{"count":1,"href":"https:\/\/corrientesdetarde.com\/index.php\/wp-json\/wp\/v2\/posts\/156793\/revisions"}],"predecessor-version":[{"id":156795,"href":"https:\/\/corrientesdetarde.com\/index.php\/wp-json\/wp\/v2\/posts\/156793\/revisions\/156795"}],"wp:featuredmedia":[{"embeddable":true,"href":"https:\/\/corrientesdetarde.com\/index.php\/wp-json\/wp\/v2\/media\/156794"}],"wp:attachment":[{"href":"https:\/\/corrientesdetarde.com\/index.php\/wp-json\/wp\/v2\/media?parent=156793"}],"wp:term":[{"taxonomy":"category","embeddable":true,"href":"https:\/\/corrientesdetarde.com\/index.php\/wp-json\/wp\/v2\/categories?post=156793"},{"taxonomy":"post_tag","embeddable":true,"href":"https:\/\/corrientesdetarde.com\/index.php\/wp-json\/wp\/v2\/tags?post=156793"}],"curies":[{"name":"wp","href":"https:\/\/api.w.org\/{rel}","templated":true}]}}