{"id":156866,"date":"2024-08-03T09:00:26","date_gmt":"2024-08-03T12:00:26","guid":{"rendered":"https:\/\/corrientesdetarde.com\/?p=156866"},"modified":"2024-08-03T09:00:27","modified_gmt":"2024-08-03T12:00:27","slug":"macri-si-peron-volviese-a-vivir-hubiese-sido-del-pro","status":"publish","type":"post","link":"https:\/\/corrientesdetarde.com\/index.php\/politica\/macri-si-peron-volviese-a-vivir-hubiese-sido-del-pro\/","title":{"rendered":"Macri: &#8220;Si Per\u00f3n volviese a vivir, hubiese sido del PRO&#8221;"},"content":{"rendered":"\n<p>En gira por los medios tras la refundaci\u00f3n del &#8220;nuevo PRO&#8221;, el expresidente cit\u00f3 a Per\u00f3n como eje de su pol\u00edtica para regenerar la &#8220;cultura del trabajo&#8221;.<\/p>\n\n\n\n<p>El jueves, Mauricio Macri relanz\u00f3 el &#8220;nuevo PRO&#8221; con un acto que tuvo lugar en el barrio porte\u00f1o de La Boca, adonde no estuvieron dos de los principales referentes partidario: ni Patricia Bullrich ni Horacio Rodr\u00edguez Larreta. All\u00ed rechaz\u00f3 que el partido que supo fundar fuera a fusionarse con La Libertad Avanza (LLA), como todo hace sospechar hasta el momento y, en ese sentido, despu\u00e9s apunt\u00f3 sus ca\u00f1ones contra la ministra de Seguridad y expresidenta del PRO.<\/p>\n\n\n\n<p>&#8220;Est\u00e1 mal que hable con desd\u00e9n y de forma peyorativa del PRO. Todos nos matamos para que ella gane. A ninguno nos caus\u00f3 gracia que sali\u00f3 tercera, pero eso no es culpa de la dirigencia. No puede tener una actitud tan destructiva &#8220;, se quejaba el expresidente en declaraciones televisivas. Y este viernes sigui\u00f3 con su raid promocional: el expresidente fue entrevistado por Alejandro Fantino y volvi\u00f3 a sorprender a propios y ajenos, no solo citando a Juan Domingo Per\u00f3n sino, pr\u00e1cticamente, haciendo un paneg\u00edrico del peronismo.<\/p>\n\n\n\n<p>&#8220;Como dec\u00eda el general Per\u00f3n, la estrella polar de un pa\u00eds es la productividad y cada uno tiene que generar al menos lo que consume&#8221;, sorprendi\u00f3 Macri a un descolocado Fantino: &#8220;\u00bfQu\u00e9 te pas\u00f3\u2026? \u00bfVos est\u00e1s loco\u2026?&#8221;, lo cuestion\u00f3 el conductor. Y cerr\u00f3 la entrevista con una ucron\u00eda que, seg\u00fan el expresidente, ya hab\u00eda dicho alguna vez &#8220;al Gordo Lanata: si Per\u00f3n volviese a vivir, hubiese sido del PRO&#8221;, sentenci\u00f3.<\/p>\n","protected":false},"excerpt":{"rendered":"<p>En gira por los medios tras la refundaci\u00f3n del &#8220;nuevo PRO&#8221;, el expresidente cit\u00f3 a Per\u00f3n como eje de su pol\u00edtica para regenerar la &#8220;cultura del trabajo&#8221;. El jueves, Mauricio&hellip; <\/p>\n","protected":false},"author":3,"featured_media":156877,"comment_status":"closed","ping_status":"open","sticky":false,"template":"","format":"standard","meta":{"footnotes":""},"categories":[3],"tags":[],"class_list":["post-156866","post","type-post","status-publish","format-standard","has-post-thumbnail","hentry","category-politica"],"_links":{"self":[{"href":"https:\/\/corrientesdetarde.com\/index.php\/wp-json\/wp\/v2\/posts\/156866","targetHints":{"allow":["GET"]}}],"collection":[{"href":"https:\/\/corrientesdetarde.com\/index.php\/wp-json\/wp\/v2\/posts"}],"about":[{"href":"https:\/\/corrientesdetarde.com\/index.php\/wp-json\/wp\/v2\/types\/post"}],"author":[{"embeddable":true,"href":"https:\/\/corrientesdetarde.com\/index.php\/wp-json\/wp\/v2\/users\/3"}],"replies":[{"embeddable":true,"href":"https:\/\/corrientesdetarde.com\/index.php\/wp-json\/wp\/v2\/comments?post=156866"}],"version-history":[{"count":1,"href":"https:\/\/corrientesdetarde.com\/index.php\/wp-json\/wp\/v2\/posts\/156866\/revisions"}],"predecessor-version":[{"id":156895,"href":"https:\/\/corrientesdetarde.com\/index.php\/wp-json\/wp\/v2\/posts\/156866\/revisions\/156895"}],"wp:featuredmedia":[{"embeddable":true,"href":"https:\/\/corrientesdetarde.com\/index.php\/wp-json\/wp\/v2\/media\/156877"}],"wp:attachment":[{"href":"https:\/\/corrientesdetarde.com\/index.php\/wp-json\/wp\/v2\/media?parent=156866"}],"wp:term":[{"taxonomy":"category","embeddable":true,"href":"https:\/\/corrientesdetarde.com\/index.php\/wp-json\/wp\/v2\/categories?post=156866"},{"taxonomy":"post_tag","embeddable":true,"href":"https:\/\/corrientesdetarde.com\/index.php\/wp-json\/wp\/v2\/tags?post=156866"}],"curies":[{"name":"wp","href":"https:\/\/api.w.org\/{rel}","templated":true}]}}