{"id":156867,"date":"2024-08-03T09:00:23","date_gmt":"2024-08-03T12:00:23","guid":{"rendered":"https:\/\/corrientesdetarde.com\/?p=156867"},"modified":"2024-08-03T09:00:24","modified_gmt":"2024-08-03T12:00:24","slug":"un-fin-de-semana-para-disfrutar-de-la-ciudad-de-eventos","status":"publish","type":"post","link":"https:\/\/corrientesdetarde.com\/index.php\/informacion-general\/un-fin-de-semana-para-disfrutar-de-la-ciudad-de-eventos\/","title":{"rendered":"Un fin de semana para disfrutar de la Ciudad de Eventos"},"content":{"rendered":"\n<p>La Municipalidad de Corrientes ofrece diferentes actividades culturales y recreativas al aire libre y con acceso gratuito para este s\u00e1bado y domingo. La tradicional Feria de Artesanos se realizar\u00e1, de 9 a 22, en la avenida Costanera Sur y calle Las Heras, en el mismo horario. En el lugar se pueden adquirir objetos totalmente artesanales, hechos por manos correntinas.<\/p>\n\n\n\n<p>Tambi\u00e9n para hoy, de 7:30 a 12:30, en el Colegio Presidente Dr. Arturo Humberto Illia (Larrea 3400) se realizar\u00e1 el examen y curso de Taekwondo IFT con la participaci\u00f3n de cerca de un centenar de ni\u00f1os.<\/p>\n\n\n\n<p>Ma\u00f1ana domingo, de 15 a 18, con el fin de fomentar el ciclismo desde temprana edad se desarrollar\u00e1 un &#8220;Encuentro de Ciclismo Infantil&#8221; en el vel\u00f3dromo O\u00f1an\u00ed Por\u00e1, (camino al Perich\u00f3n). Alrededor de 100 participantes de hasta 14 a\u00f1os participar\u00e1n de la competencia y la inscripci\u00f3n se puede llevar adelante el mismo d\u00eda. Adem\u00e1s, se llevar\u00e1 adelante una exhibici\u00f3n de ciclistas de diferentes categor\u00edas que representar\u00e1n a la provincia en los Juegos Nacionales Deportivos (Ex Evita).<\/p>\n\n\n\n<p>En tanto que tambi\u00e9n el domingo en el parque Camb\u00e1 Cu\u00e1 (zona pilet\u00f3n) se concretar\u00e1 una nueva edici\u00f3n de la Feria K\u0096anime, de 15 a 21. Habr\u00e1 un bloque especial BTS, un concurso de dibujo, un taller K-pop a cargo de Khalan, Random Play dance competencias, Concurso Cosplay de mascotas, banda resistencia &#8220;Manji Band&#8221;, concurso Cosplay Kid, concurso K-pop (solistas y grupales), random play dance new.<\/p>\n\n\n\n<p>Ma\u00f1ana, a partir de las 16, se llevar\u00e1 a cabo la Pe\u00f1a Oficial de la Ciudad en la rotonda Plaza Espa\u00f1a (avenida Pujol y Carlos Pellegrini).<\/p>\n\n\n\n<p>De 16 a 21, en la avenida Costanera y Pellegrini se llevar\u00e1 adelante la propuesta de &#8220;Ciudad de Dise\u00f1o&#8221; con m\u00faltiples productos artesanales creativos hechos por emprendedores locales de dise\u00f1o, textiles, tejidos, did\u00e1cticos y mucho m\u00e1s con el acompa\u00f1amiento de emprendedores gastron\u00f3micos locales.<\/p>\n","protected":false},"excerpt":{"rendered":"<p>La Municipalidad de Corrientes ofrece diferentes actividades culturales y recreativas al aire libre y con acceso gratuito para este s\u00e1bado y domingo. La tradicional Feria de Artesanos se realizar\u00e1, de&hellip; <\/p>\n","protected":false},"author":3,"featured_media":156876,"comment_status":"closed","ping_status":"open","sticky":false,"template":"","format":"standard","meta":{"footnotes":""},"categories":[1],"tags":[],"class_list":["post-156867","post","type-post","status-publish","format-standard","has-post-thumbnail","hentry","category-informacion-general"],"_links":{"self":[{"href":"https:\/\/corrientesdetarde.com\/index.php\/wp-json\/wp\/v2\/posts\/156867","targetHints":{"allow":["GET"]}}],"collection":[{"href":"https:\/\/corrientesdetarde.com\/index.php\/wp-json\/wp\/v2\/posts"}],"about":[{"href":"https:\/\/corrientesdetarde.com\/index.php\/wp-json\/wp\/v2\/types\/post"}],"author":[{"embeddable":true,"href":"https:\/\/corrientesdetarde.com\/index.php\/wp-json\/wp\/v2\/users\/3"}],"replies":[{"embeddable":true,"href":"https:\/\/corrientesdetarde.com\/index.php\/wp-json\/wp\/v2\/comments?post=156867"}],"version-history":[{"count":1,"href":"https:\/\/corrientesdetarde.com\/index.php\/wp-json\/wp\/v2\/posts\/156867\/revisions"}],"predecessor-version":[{"id":156894,"href":"https:\/\/corrientesdetarde.com\/index.php\/wp-json\/wp\/v2\/posts\/156867\/revisions\/156894"}],"wp:featuredmedia":[{"embeddable":true,"href":"https:\/\/corrientesdetarde.com\/index.php\/wp-json\/wp\/v2\/media\/156876"}],"wp:attachment":[{"href":"https:\/\/corrientesdetarde.com\/index.php\/wp-json\/wp\/v2\/media?parent=156867"}],"wp:term":[{"taxonomy":"category","embeddable":true,"href":"https:\/\/corrientesdetarde.com\/index.php\/wp-json\/wp\/v2\/categories?post=156867"},{"taxonomy":"post_tag","embeddable":true,"href":"https:\/\/corrientesdetarde.com\/index.php\/wp-json\/wp\/v2\/tags?post=156867"}],"curies":[{"name":"wp","href":"https:\/\/api.w.org\/{rel}","templated":true}]}}