{"id":156868,"date":"2024-08-03T09:00:20","date_gmt":"2024-08-03T12:00:20","guid":{"rendered":"https:\/\/corrientesdetarde.com\/?p=156868"},"modified":"2024-08-03T09:00:21","modified_gmt":"2024-08-03T12:00:21","slug":"hay-30-focos-de-incendios-activos-en-todo-el-territorio-provincial","status":"publish","type":"post","link":"https:\/\/corrientesdetarde.com\/index.php\/clima\/hay-30-focos-de-incendios-activos-en-todo-el-territorio-provincial\/","title":{"rendered":"Hay 30 focos de incendios activos en todo el territorio provincial"},"content":{"rendered":"\n<p>Pese a la prohibici\u00f3n de quema en campos, la falta de lluvias, el fuerte viento y la imprudencia son algunos de los factores que inciden en el panorama actual. El ministro de Producci\u00f3n, Claudio Anselmo, dijo que Saladas y San Lorenzo son algunos de los puntos afectados.<\/p>\n\n\n\n<p>El Gobierno de la Provincia trabaja junto a los distintos municipios para prevenir incendios en las zonas rurales o urbanas. La semana pasada realizaron una conferencia de prensa para poner en claro la situaci\u00f3n que vive la regi\u00f3n con la falta de lluvias. El ministro de Producci\u00f3n dijo que hasta ayer hab\u00eda 30 focos de incendios activos en Corrientes.<\/p>\n\n\n\n<p>El cambio clim\u00e1tico se siente en los \u00faltimos a\u00f1os y esta parte de Sudam\u00e9rica est\u00e1 afectada. En el caso de Corrientes, pas\u00f3 de la Corriente del ni\u00f1o a la ni\u00f1a, sin escala. De sequ\u00edas extremas a intensas lluvias intensas, y viceversa.<\/p>\n\n\n\n<figure class=\"wp-block-image\"><img decoding=\"async\" src=\"https:\/\/www.diarioepoca.com\/content\/bucket\/9\/1376849w380h132c.jpg.webp\" alt=\"\"\/><\/figure>\n\n\n\n<p>Por ejemplo, el pasado 3 de marzo, la ciudad de Corrientes atraves\u00f3 la inundaci\u00f3n m\u00e1s dram\u00e1tica de su historia.<\/p>\n\n\n\n<p>La cantidad de agua ca\u00edda provoc\u00f3 que muchas calles del centro y la periferia quedaran inundadas y los veh\u00edculos flotando por la potencia de la lluvia.<\/p>\n\n\n\n<p>Unos a\u00f1os atr\u00e1s, los incendios de campos dejaron m\u00e1s del 10% del territorio quemado. Para la primavera y verano que se aproxima, los especialistas vuelven a alertar por posibles incendios debido a la falta de lluvia.<\/p>\n\n\n\n<p>El d\u00e9ficit h\u00eddrico hace que los terrenos sean combustibles ante alguna imprudencia o incendios intencionales.<\/p>\n\n\n\n<p>El subsecretario de Gesti\u00f3n Integral de Riesgos y Cat\u00e1strofes, Jos\u00e9 Pedro Ruiz, en comunicaci\u00f3n con este medio inform\u00f3 que en el caso de la ciudad de Corrientes se trabaja fuertemente con los delegados para mantener limpios los sitios bald\u00edos, evitar basurales, quema de basura, entre otras medias.<\/p>\n\n\n\n<p>En los barrios perif\u00e9ricos de la capital o en los que hay abundancia de terrenos y pastos, se trabaja para mantener limpio tambi\u00e9n.<\/p>\n\n\n\n<p>&#8220;Es clave, con la experiencia que tuvimos a\u00f1os atr\u00e1s, que la gente evite prender fuego y arrojar al pasto; elementos como vidrios o latas que con calores extremos y sequ\u00edas son combustibles para iniciar un incendio&#8221;, dijo el funcionario comunal.<\/p>\n\n\n\n<p>Ruiz coment\u00f3 que de acuerdo a las previsiones que tienen, retornar\u00eda la Corriente de la ni\u00f1a; esto quiere decir que el d\u00e9ficit h\u00eddrico predominar\u00e1 en los pr\u00f3ximos meses.<\/p>\n\n\n\n<p>En este sentido, el ministro de Producci\u00f3n, Claudio Anselmo, reiter\u00f3 ayer que rige en todo el territorio provincial la prohibici\u00f3n de quemas. Coment\u00f3 que es notorio el d\u00e9ficit h\u00eddrico en la zona rural, ya que en los \u00faltimos 30 d\u00edas no se registran precipitaciones.<\/p>\n\n\n\n<figure class=\"wp-block-image\"><img decoding=\"async\" src=\"https:\/\/www.diarioepoca.com\/content\/bucket\/0\/1376850w380h214c.jpg.webp\" alt=\"\"\/><\/figure>\n\n\n\n<p>&#8220;Somos insistentes en el mensaje. Est\u00e1 totalmente prohibido todo tipo de quema en los campos de la provincia. A la falta de agua se suman los vientos intensos de las \u00faltimas horas que provocaron nuevos focos de incendio en distintos puntos del interior&#8221;, expres\u00f3 el funcionario.<\/p>\n\n\n\n<p>En detalles, dijo que uno de ellos se detect\u00f3 en Saladas, Campo \u00c1valos (departamento de Monte Caseros) Camb\u00e1 Min\u00ed y San Lorenzo.<\/p>\n\n\n\n<p>Anselmo inform\u00f3 que ayer se registraron en total 30 focos de incendios activos.<\/p>\n\n\n\n<figure class=\"wp-block-image\"><img decoding=\"async\" src=\"https:\/\/www.diarioepoca.com\/content\/bucket\/1\/1376851w380h215c.jpg.webp\" alt=\"\"\/><\/figure>\n\n\n\n<p>En algunos sectores, se detectaron fuertes vientos de aproximadamente 60 kil\u00f3metros por hora (km\/h) que perjudicaron al panorama de sequ\u00eda que se vive.<\/p>\n","protected":false},"excerpt":{"rendered":"<p>Pese a la prohibici\u00f3n de quema en campos, la falta de lluvias, el fuerte viento y la imprudencia son algunos de los factores que inciden en el panorama actual. El&hellip; <\/p>\n","protected":false},"author":3,"featured_media":156875,"comment_status":"closed","ping_status":"open","sticky":false,"template":"","format":"standard","meta":{"footnotes":""},"categories":[29],"tags":[],"class_list":["post-156868","post","type-post","status-publish","format-standard","has-post-thumbnail","hentry","category-clima"],"_links":{"self":[{"href":"https:\/\/corrientesdetarde.com\/index.php\/wp-json\/wp\/v2\/posts\/156868","targetHints":{"allow":["GET"]}}],"collection":[{"href":"https:\/\/corrientesdetarde.com\/index.php\/wp-json\/wp\/v2\/posts"}],"about":[{"href":"https:\/\/corrientesdetarde.com\/index.php\/wp-json\/wp\/v2\/types\/post"}],"author":[{"embeddable":true,"href":"https:\/\/corrientesdetarde.com\/index.php\/wp-json\/wp\/v2\/users\/3"}],"replies":[{"embeddable":true,"href":"https:\/\/corrientesdetarde.com\/index.php\/wp-json\/wp\/v2\/comments?post=156868"}],"version-history":[{"count":1,"href":"https:\/\/corrientesdetarde.com\/index.php\/wp-json\/wp\/v2\/posts\/156868\/revisions"}],"predecessor-version":[{"id":156893,"href":"https:\/\/corrientesdetarde.com\/index.php\/wp-json\/wp\/v2\/posts\/156868\/revisions\/156893"}],"wp:featuredmedia":[{"embeddable":true,"href":"https:\/\/corrientesdetarde.com\/index.php\/wp-json\/wp\/v2\/media\/156875"}],"wp:attachment":[{"href":"https:\/\/corrientesdetarde.com\/index.php\/wp-json\/wp\/v2\/media?parent=156868"}],"wp:term":[{"taxonomy":"category","embeddable":true,"href":"https:\/\/corrientesdetarde.com\/index.php\/wp-json\/wp\/v2\/categories?post=156868"},{"taxonomy":"post_tag","embeddable":true,"href":"https:\/\/corrientesdetarde.com\/index.php\/wp-json\/wp\/v2\/tags?post=156868"}],"curies":[{"name":"wp","href":"https:\/\/api.w.org\/{rel}","templated":true}]}}