{"id":156879,"date":"2024-08-03T10:00:42","date_gmt":"2024-08-03T13:00:42","guid":{"rendered":"https:\/\/corrientesdetarde.com\/?p=156879"},"modified":"2024-08-03T10:00:43","modified_gmt":"2024-08-03T13:00:43","slug":"salvador-giletto-nuevo-refuerzo-en-la-zona-pintada-para-regatas","status":"publish","type":"post","link":"https:\/\/corrientesdetarde.com\/index.php\/deportes\/salvador-giletto-nuevo-refuerzo-en-la-zona-pintada-para-regatas\/","title":{"rendered":"Salvador Giletto, nuevo refuerzo en la zona pintada para Regatas"},"content":{"rendered":"\n<p>El remero confirm\u00f3 la contrataci\u00f3n del ala pivote chaque\u00f1o, que viene de jugar la \u00faltima temporada en Independiente de Oliva. A su vez, el fantasma estar\u00eda cerca de cerrar la continuidad de Federico El\u00edas, pero no seguir\u00eda el experimentado Alejandro Diez.<\/p>\n\n\n\n<p>Regatas Corrientes sigue dando pasos en el armado del plantel de cara a la temporada 2024\/25 de la Liga Nacional de B\u00e1squetbol (LNB). En esa l\u00ednea, la llegada de Salvador Giletto al club del parque Mitre servir\u00e1 para reforzar la zona pintada del equipo dirigido por Fernando Calvi.<\/p>\n\n\n\n<p>El ala pivote nacido en Resistencia el 8 de febrero de 1993 (31 a\u00f1os) y de 1,95 de altura llega para reforzar la zona pintada del equipo y transformarse en el tercer refuerzo del plantel tras los arribos del tucumano Iv\u00e1n Gramajo y el correntino Fabi\u00e1n Ram\u00edrez Barrios.<\/p>\n\n\n\n<p>Giletto viene de tres temporadas consecutivas en Independiente de Oliva, club con el que consigui\u00f3 el ascenso desde la Liga Argentina a la LNB en la temporada 2021\/22, siendo \u00e9l una de las piezas importantes del equipo. Luego, en su primera temporada en la Liga Nacional fue elegido como el jugador revelaci\u00f3n tras una gran campa\u00f1a donde jug\u00f3 38 encuentros y promedi\u00f3 12.3 puntos, 3.8 rebotes y 1.4 asistencias en 30 minutos de juego. En la pasada campa\u00f1a jug\u00f3 37 encuentros dejando promedios de 11.6 puntos, 4.4 rebotes y 1.4 asistencias en 29 minutos.<\/p>\n\n\n\n<p>El chaque\u00f1o debut\u00f3 en la Liga Nacional en la temporada 2011\/12, cuando era prospecto del equipo de Pe\u00f1arol de Mar del Plata, para luego arrancar un recorrido por las ligas del ascenso, en donde jug\u00f3 para Pe\u00f1arol de Rosario del Tala, Brown de San Vicente, Sanjustino, Uni\u00f3n de Sunchales, Santa Paula de G\u00e1lvez hasta su arribo a Oliva.<\/p>\n\n\n\n<p>Adem\u00e1s, en 2023 sum\u00f3 su primera experiencia internacional jugando para Diablos de Miranda en la Superliga de Venezuela.<\/p>\n\n\n\n<figure class=\"wp-block-image\"><img decoding=\"async\" src=\"https:\/\/www.diarioepoca.com\/content\/bucket\/7\/1376847w380h570c.jpg.webp\" alt=\"\"\/><\/figure>\n\n\n\n<p>De esta forma, el nuevo plantel de Fernando Calvi va tomando forma, y ya suma su cuarta ficha mayor junto a Andr\u00e9s Jaime, Ram\u00edrez Barrios y Gramajo, sumado a Tob\u00edas Franchela (U23) que continuar\u00e1 en la base, m\u00e1s los U21 Juan Larraza y Francisco Ferraro y los juveniles del club. Respecto a las negociaciones, estar\u00eda encaminada la continuidad de Federico El\u00edas, que lleg\u00f3 en la fase regular pasada proveniente de Instituto de C\u00f3rdoba. Por su parte, entre las salidas, a la del chaque\u00f1o Franco Vieta podr\u00eda sumarse el alejamiento de Alejandro Diez. El jugador nacido hace 37 a\u00f1os en Olavarr\u00eda defendi\u00f3 la camiseta del elenco correntino en las \u00faltimas dos temporadas.<\/p>\n","protected":false},"excerpt":{"rendered":"<p>El remero confirm\u00f3 la contrataci\u00f3n del ala pivote chaque\u00f1o, que viene de jugar la \u00faltima temporada en Independiente de Oliva. A su vez, el fantasma estar\u00eda cerca de cerrar la&hellip; <\/p>\n","protected":false},"author":3,"featured_media":156888,"comment_status":"closed","ping_status":"open","sticky":false,"template":"","format":"standard","meta":{"footnotes":""},"categories":[4],"tags":[],"class_list":["post-156879","post","type-post","status-publish","format-standard","has-post-thumbnail","hentry","category-deportes"],"_links":{"self":[{"href":"https:\/\/corrientesdetarde.com\/index.php\/wp-json\/wp\/v2\/posts\/156879","targetHints":{"allow":["GET"]}}],"collection":[{"href":"https:\/\/corrientesdetarde.com\/index.php\/wp-json\/wp\/v2\/posts"}],"about":[{"href":"https:\/\/corrientesdetarde.com\/index.php\/wp-json\/wp\/v2\/types\/post"}],"author":[{"embeddable":true,"href":"https:\/\/corrientesdetarde.com\/index.php\/wp-json\/wp\/v2\/users\/3"}],"replies":[{"embeddable":true,"href":"https:\/\/corrientesdetarde.com\/index.php\/wp-json\/wp\/v2\/comments?post=156879"}],"version-history":[{"count":1,"href":"https:\/\/corrientesdetarde.com\/index.php\/wp-json\/wp\/v2\/posts\/156879\/revisions"}],"predecessor-version":[{"id":156900,"href":"https:\/\/corrientesdetarde.com\/index.php\/wp-json\/wp\/v2\/posts\/156879\/revisions\/156900"}],"wp:featuredmedia":[{"embeddable":true,"href":"https:\/\/corrientesdetarde.com\/index.php\/wp-json\/wp\/v2\/media\/156888"}],"wp:attachment":[{"href":"https:\/\/corrientesdetarde.com\/index.php\/wp-json\/wp\/v2\/media?parent=156879"}],"wp:term":[{"taxonomy":"category","embeddable":true,"href":"https:\/\/corrientesdetarde.com\/index.php\/wp-json\/wp\/v2\/categories?post=156879"},{"taxonomy":"post_tag","embeddable":true,"href":"https:\/\/corrientesdetarde.com\/index.php\/wp-json\/wp\/v2\/tags?post=156879"}],"curies":[{"name":"wp","href":"https:\/\/api.w.org\/{rel}","templated":true}]}}