{"id":156881,"date":"2024-08-03T10:00:39","date_gmt":"2024-08-03T13:00:39","guid":{"rendered":"https:\/\/corrientesdetarde.com\/?p=156881"},"modified":"2024-08-03T10:00:40","modified_gmt":"2024-08-03T13:00:40","slug":"bomberos-evitaron-que-incendio-de-pastizal-alcance-a-una-escuela","status":"publish","type":"post","link":"https:\/\/corrientesdetarde.com\/index.php\/clima\/bomberos-evitaron-que-incendio-de-pastizal-alcance-a-una-escuela\/","title":{"rendered":"Bomberos evitaron que incendio de pastizal alcance a una escuela"},"content":{"rendered":"\n<p>El fuego se registr\u00f3 en cercan\u00edas de un establecimiento educativo. Los bomberos batallaron horas contra las llamas. Desde el Gobierno insisten en que las quemas se encuentran absolutamente prohibidas en Corrientes.<\/p>\n\n\n\n<p>Corrientes atraviesa m\u00faltiples focos de incendio en todo su territorio provincial; uno de los que se apreci\u00f3 en Capital ocurri\u00f3 el jueves por la noche. Se trat\u00f3 de un voraz incendio de pastizales por avenida Ra\u00fal Alfons\u00edn a la altura del 7000, en el barrio Cremonte. Dicho foco \u00edgneo fue producto de una quema ilegal realizada en uno de los campos aleda\u00f1os.<\/p>\n\n\n\n<p>A causa de las llamas, corri\u00f3 peligro la estructura de la Escuela N\u00b0599 &#8220;Dr. Adolfo Contte&#8221;, y luego de horas de exhaustiva pelea de los bomberos de la provincia, en conjunto con los voluntarios del cuartel 397 de Capital, lograron extinguir las llamas. En el proceso, no solo salvaron al establecimiento educativo, sino tambi\u00e9n rescataron la fauna que se encontraba en el lugar.<\/p>\n\n\n\n<h2 class=\"wp-block-heading\">Quemas prohibidas<\/h2>\n\n\n\n<p>El ministro de Producci\u00f3n, Claudio Anselmo, reiter\u00f3 la prohibici\u00f3n de quemas en todo el territorio provincial. &#8220;No tuvimos lluvias y estamos con temperaturas a niveles r\u00e9cord por la \u00e9poca del a\u00f1o; contamos con viento norte con m\u00e1s de 160 kil\u00f3metros por hora y muy bajas condiciones de humedad, por lo que est\u00e1n prohibidas las quemas en toda la provincia&#8221;, remarc\u00f3.<\/p>\n\n\n\n<p>Pese a la prohibici\u00f3n vigente, hay m\u00e1s de 30 focos de incendios activos en todo Corrientes. En las \u00faltimas horas se registraron tres focos que fueron controlados.<\/p>\n\n\n\n<h2 class=\"wp-block-heading\">Naci\u00f3n envi\u00f3 asistencia para combatir incendios en Corrientes<\/h2>\n\n\n\n<p>La Vicejefatura de Gabinete del Interior anunci\u00f3 ayer que envi\u00f3 asistencia a las provincias de Corrientes, Tucum\u00e1n y La Rioja para combatir los incendios forestales que afectan las tres jurisdicciones.<\/p>\n\n\n\n<p>Corrientes sufre de importantes focos \u00edgneos en la localidad de Monte Caseros, que perjudican a 1.200 hect\u00e1reas. El Servicio Nacional de Manejo del Fuego (SNMF) envi\u00f3 un coordinador de medios a\u00e9reos (operativo para la regi\u00f3n del Noroeste argentino) y 12 combatientes de incendios correspondientes a la Brigada Nacional NEA.<\/p>\n\n\n\n<p>Los siniestros se desarrollan en la ciudad tucumana de Taf\u00ed del Valle, donde la superficie da\u00f1ada comprende alrededor de 4.500 hect\u00e1reas, un territorio que se caracteriza por sus pastizales de altura, lo que dificulta el acceso.<\/p>\n\n\n\n<p>El titular de la cartera, Lisandro Catal\u00e1n, inform\u00f3 que el SNMF colabor\u00f3 con un avi\u00f3n hidrante y un helic\u00f3ptero para el traslado de personal, junto con asistencia t\u00e9cnica a los equipos provinciales. En el lugar trabaja una dotaci\u00f3n de m\u00e1s 50 personas: bomberos voluntarios, brigadistas forestales y miembros de Defensa Civil municipal.<\/p>\n","protected":false},"excerpt":{"rendered":"<p>El fuego se registr\u00f3 en cercan\u00edas de un establecimiento educativo. Los bomberos batallaron horas contra las llamas. Desde el Gobierno insisten en que las quemas se encuentran absolutamente prohibidas en&hellip; <\/p>\n","protected":false},"author":3,"featured_media":156886,"comment_status":"closed","ping_status":"open","sticky":false,"template":"","format":"standard","meta":{"footnotes":""},"categories":[29],"tags":[],"class_list":["post-156881","post","type-post","status-publish","format-standard","has-post-thumbnail","hentry","category-clima"],"_links":{"self":[{"href":"https:\/\/corrientesdetarde.com\/index.php\/wp-json\/wp\/v2\/posts\/156881","targetHints":{"allow":["GET"]}}],"collection":[{"href":"https:\/\/corrientesdetarde.com\/index.php\/wp-json\/wp\/v2\/posts"}],"about":[{"href":"https:\/\/corrientesdetarde.com\/index.php\/wp-json\/wp\/v2\/types\/post"}],"author":[{"embeddable":true,"href":"https:\/\/corrientesdetarde.com\/index.php\/wp-json\/wp\/v2\/users\/3"}],"replies":[{"embeddable":true,"href":"https:\/\/corrientesdetarde.com\/index.php\/wp-json\/wp\/v2\/comments?post=156881"}],"version-history":[{"count":1,"href":"https:\/\/corrientesdetarde.com\/index.php\/wp-json\/wp\/v2\/posts\/156881\/revisions"}],"predecessor-version":[{"id":156897,"href":"https:\/\/corrientesdetarde.com\/index.php\/wp-json\/wp\/v2\/posts\/156881\/revisions\/156897"}],"wp:featuredmedia":[{"embeddable":true,"href":"https:\/\/corrientesdetarde.com\/index.php\/wp-json\/wp\/v2\/media\/156886"}],"wp:attachment":[{"href":"https:\/\/corrientesdetarde.com\/index.php\/wp-json\/wp\/v2\/media?parent=156881"}],"wp:term":[{"taxonomy":"category","embeddable":true,"href":"https:\/\/corrientesdetarde.com\/index.php\/wp-json\/wp\/v2\/categories?post=156881"},{"taxonomy":"post_tag","embeddable":true,"href":"https:\/\/corrientesdetarde.com\/index.php\/wp-json\/wp\/v2\/tags?post=156881"}],"curies":[{"name":"wp","href":"https:\/\/api.w.org\/{rel}","templated":true}]}}