{"id":156883,"date":"2024-08-03T10:00:35","date_gmt":"2024-08-03T13:00:35","guid":{"rendered":"https:\/\/corrientesdetarde.com\/?p=156883"},"modified":"2024-08-03T10:00:42","modified_gmt":"2024-08-03T13:00:42","slug":"dos-amigas-intentaron-vender-unamoto-sustraida-hace-mes-y-medio","status":"publish","type":"post","link":"https:\/\/corrientesdetarde.com\/index.php\/policiales\/dos-amigas-intentaron-vender-unamoto-sustraida-hace-mes-y-medio\/","title":{"rendered":"Dos amigas intentaron vender unamoto sustra\u00edda hace mes y medio"},"content":{"rendered":"\n<p>Las j\u00f3venes de 17 y 20 a\u00f1os circulaban en el veh\u00edculo que ofrec\u00edan en la red social Facebook a cambio de 200.000 pesos. La Polic\u00eda supo de la situaci\u00f3n, sospech\u00f3 que el rodado era producto de un il\u00edcito y entonces las sorprendi\u00f3 cuando iban a encontrarse con un interesado.<\/p>\n\n\n\n<p>La Polic\u00eda recuper\u00f3 una motocicleta robada hace poco m\u00e1s de un mes y medio, cuando descubrieron que dos mujeres intentaban venderla a cambio de 200.000 pesos luego de ser ofrecida a trav\u00e9s de la red social Facebook.<\/p>\n\n\n\n<p>En un procedimiento realizado en la zona sureste de la ciudad de Corrientes lograron detener a las amigas de 17 y 20 a\u00f1os, seg\u00fan precisaron fuentes oficiales.<\/p>\n\n\n\n<p>Efectivos de la comisar\u00eda de la localidad de Riachuelo realizaron un importante trabajo de investigaci\u00f3n que posibilit\u00f3 recobrar una Honda CG Tit\u00e1n 150 sustra\u00edda en el centro capitalino.<\/p>\n\n\n\n<p>Un grupo a cargo del comisario mayor Mauricio R\u00edos concurri\u00f3 el jueves al empalme de ruta nacional 12 y avenida Maip\u00fa en el barrio Santa Margarita.<\/p>\n\n\n\n<p>Las autoridades contaban con datos acerca de un presunto intento de operaci\u00f3n &#8220;comercial&#8221; en ese sitio. En concreto, las dos mujeres llegaron a la zona sobre la motocicleta de color azul para vend\u00e9rsela a una persona que las contact\u00f3 v\u00eda Internet.<\/p>\n\n\n\n<figure class=\"wp-block-image\"><img decoding=\"async\" src=\"https:\/\/www.diarioepoca.com\/content\/bucket\/3\/1376843w380h243c.jpg.webp\" alt=\"\"\/><\/figure>\n\n\n\n<p>Despu\u00e9s de una serie de charlas a trav\u00e9s de la red social pactaron el encuentro en la v\u00eda p\u00fablica. El supuesto comprador deb\u00eda llevar el dinero en efectivo y, a cambio, le dar\u00edan la moto &#8220;con papeles&#8221;.<\/p>\n\n\n\n<p>Los detectives bajo directivas del comisario R\u00edos ten\u00edan fundadas sospechas para creer que esa moto era producto de un il\u00edcito. Su modelo y buen estado exhibido en fotos correspond\u00edan a un veh\u00edculo que ellas tasaron en pr\u00e1cticamente al 10 por ciento de su valor real. &#8220;Vale 200.000 pesos al contado&#8221;, dijeron.<\/p>\n\n\n\n<p>Sin sospechar que estaban esper\u00e1ndolas, los polic\u00edas se identificaron como tales y las dos chicas comenzaron a escapar a alta velocidad sobre Maip\u00fa hasta ingresar rumbo al barrio Esperanza.<\/p>\n\n\n\n<p>La persecuci\u00f3n finaliz\u00f3 con ambas detenidas y el veh\u00edculo secuestrado al igual que una serie de papeles.<\/p>\n\n\n\n<p>Con el cotejo de la numeraci\u00f3n de chasis y motor constataron, en principio, que la patente que ten\u00eda colocada no correspond\u00eda a esa motocicleta. Despu\u00e9s confirmaron que la Honda CG Tit\u00e1n figura descrita en una denuncia realizada el jueves 13 de junio en la Comisar\u00eda Seccional Primera.<\/p>\n\n\n\n<p>La due\u00f1a concurri\u00f3 aquella fecha a la dependencia policial de calle Tucum\u00e1n al 1000 a contar sobre el robo sufrido en el centro de la ciudad.<\/p>\n\n\n\n<p>En tanto, las documentaciones de la motocicleta que llevaban las detenidas eran truchas. Eran una c\u00e9dula, el t\u00edtulo y el 08 adulterados.<\/p>\n\n\n\n<p>Se cree que las mujeres no ser\u00edan las autoras de la sustracci\u00f3n y la falsificaci\u00f3n de los documentos, sino que cumplir\u00edan solamente el rol de &#8220;vendedoras&#8221; a cambio de alguna supuesta &#8220;comisi\u00f3n&#8221;.<\/p>\n\n\n\n<p>La Unidad Fiscal de Investigaciones Concretas a cargo de Sonia Meza dio directivas para iniciar una causa caratulada como &#8220;receptaci\u00f3n de elementos de dudosa procedencia, agravada&#8221;.<\/p>\n","protected":false},"excerpt":{"rendered":"<p>Las j\u00f3venes de 17 y 20 a\u00f1os circulaban en el veh\u00edculo que ofrec\u00edan en la red social Facebook a cambio de 200.000 pesos. La Polic\u00eda supo de la situaci\u00f3n, sospech\u00f3&hellip; <\/p>\n","protected":false},"author":3,"featured_media":156884,"comment_status":"closed","ping_status":"open","sticky":false,"template":"","format":"standard","meta":{"footnotes":""},"categories":[33],"tags":[],"class_list":["post-156883","post","type-post","status-publish","format-standard","has-post-thumbnail","hentry","category-policiales"],"_links":{"self":[{"href":"https:\/\/corrientesdetarde.com\/index.php\/wp-json\/wp\/v2\/posts\/156883","targetHints":{"allow":["GET"]}}],"collection":[{"href":"https:\/\/corrientesdetarde.com\/index.php\/wp-json\/wp\/v2\/posts"}],"about":[{"href":"https:\/\/corrientesdetarde.com\/index.php\/wp-json\/wp\/v2\/types\/post"}],"author":[{"embeddable":true,"href":"https:\/\/corrientesdetarde.com\/index.php\/wp-json\/wp\/v2\/users\/3"}],"replies":[{"embeddable":true,"href":"https:\/\/corrientesdetarde.com\/index.php\/wp-json\/wp\/v2\/comments?post=156883"}],"version-history":[{"count":1,"href":"https:\/\/corrientesdetarde.com\/index.php\/wp-json\/wp\/v2\/posts\/156883\/revisions"}],"predecessor-version":[{"id":156898,"href":"https:\/\/corrientesdetarde.com\/index.php\/wp-json\/wp\/v2\/posts\/156883\/revisions\/156898"}],"wp:featuredmedia":[{"embeddable":true,"href":"https:\/\/corrientesdetarde.com\/index.php\/wp-json\/wp\/v2\/media\/156884"}],"wp:attachment":[{"href":"https:\/\/corrientesdetarde.com\/index.php\/wp-json\/wp\/v2\/media?parent=156883"}],"wp:term":[{"taxonomy":"category","embeddable":true,"href":"https:\/\/corrientesdetarde.com\/index.php\/wp-json\/wp\/v2\/categories?post=156883"},{"taxonomy":"post_tag","embeddable":true,"href":"https:\/\/corrientesdetarde.com\/index.php\/wp-json\/wp\/v2\/tags?post=156883"}],"curies":[{"name":"wp","href":"https:\/\/api.w.org\/{rel}","templated":true}]}}