{"id":156902,"date":"2024-08-03T11:00:18","date_gmt":"2024-08-03T14:00:18","guid":{"rendered":"https:\/\/corrientesdetarde.com\/?p=156902"},"modified":"2024-08-03T11:00:24","modified_gmt":"2024-08-03T14:00:24","slug":"llegaron-al-pais-los-diplomaticos-argentinos-expulsados-de-venezuela","status":"publish","type":"post","link":"https:\/\/corrientesdetarde.com\/index.php\/politica\/llegaron-al-pais-los-diplomaticos-argentinos-expulsados-de-venezuela\/","title":{"rendered":"Llegaron al pa\u00eds los diplom\u00e1ticos argentinos expulsados de Venezuela"},"content":{"rendered":"\n<p>La comitiva lleg\u00f3 a Ezeiza despu\u00e9s de 36 horas de viaje. Fueron recibidos por el vicecanciller Leopoldo Sahores.<\/p>\n\n\n\n<p>Un grupo de diplom\u00e1ticos y personal de la embajada argentina en Venezuela expulsados esta semana por el r\u00e9gimen de Nicol\u00e1s Maduro aterrizaron este s\u00e1bado en el Aeropuerto de Ezeiza, tras un viaje de m\u00e1s 36 horas que incluy\u00f3 escalas en Portugal y Espa\u00f1a.<\/p>\n\n\n\n<p>La delegaci\u00f3n aterriz\u00f3 en el aeropuerto de Ezeiza a las 03:20 en un vuelo de Aerol\u00edneas Argentinas procedente de Madrid. Fueron recibidos por el vicecanciller, Leopoldo Sahores.<\/p>\n\n\n\n<p>&#8220;Hab\u00eda que abandonar la residencia y la embajada en 72 horas. Un equipo de cinco diplom\u00e1ticos, cada uno con sus familiares, en total 14 personas. Escuelas de los chicos que hab\u00eda que cerrar, alquileres que hab\u00eda que rescindir, autos que hab\u00eda vender&#8221;, se\u00f1al\u00f3 Andr\u00e9s Mangiarotti, encargado de negocios de la embajada argentina en Caracas, en di\u00e1logo con la prensa.<\/p>\n\n\n\n<p>Los representantes argentinos debieron abandonar la sede diplom\u00e1tica luego de que el presidente de Venezuela, Nicol\u00e1s Maduro, le exigiera al pa\u00eds retirar a sus dirigentes en un plazo de 72 hs, debido a que el gobierno de Javier Milei no reconoci\u00f3 el resultado de las elecciones del domingo pasado.<\/p>\n\n\n\n<p>As\u00ed, los funcionarios se subieron a un avi\u00f3n comercial que tiene como destino Lisboa. Luego, desde la capital portuguesa volar\u00e1n hacia Ezeiza, tras una escala en Madrid. Los cinco diplom\u00e1ticos y sus familias, un total de 14 personas, emprendieron vuelo este jueves por la tarde desde Caracas hacia Portugal.<\/p>\n\n\n\n<p>Brasil se hizo cargo este jueves de la Embajada argentina en Venezuela, y el encargado de Negocios, Andr\u00e9s Mangiarotti, iz\u00f3 la bandera del pa\u00eds vecino, para darle protecci\u00f3n a los seis dirigentes opositores que eran asilados por Argentina.<\/p>\n","protected":false},"excerpt":{"rendered":"<p>La comitiva lleg\u00f3 a Ezeiza despu\u00e9s de 36 horas de viaje. Fueron recibidos por el vicecanciller Leopoldo Sahores. Un grupo de diplom\u00e1ticos y personal de la embajada argentina en Venezuela&hellip; <\/p>\n","protected":false},"author":3,"featured_media":156908,"comment_status":"closed","ping_status":"open","sticky":false,"template":"","format":"standard","meta":{"footnotes":""},"categories":[3],"tags":[],"class_list":["post-156902","post","type-post","status-publish","format-standard","has-post-thumbnail","hentry","category-politica"],"_links":{"self":[{"href":"https:\/\/corrientesdetarde.com\/index.php\/wp-json\/wp\/v2\/posts\/156902","targetHints":{"allow":["GET"]}}],"collection":[{"href":"https:\/\/corrientesdetarde.com\/index.php\/wp-json\/wp\/v2\/posts"}],"about":[{"href":"https:\/\/corrientesdetarde.com\/index.php\/wp-json\/wp\/v2\/types\/post"}],"author":[{"embeddable":true,"href":"https:\/\/corrientesdetarde.com\/index.php\/wp-json\/wp\/v2\/users\/3"}],"replies":[{"embeddable":true,"href":"https:\/\/corrientesdetarde.com\/index.php\/wp-json\/wp\/v2\/comments?post=156902"}],"version-history":[{"count":1,"href":"https:\/\/corrientesdetarde.com\/index.php\/wp-json\/wp\/v2\/posts\/156902\/revisions"}],"predecessor-version":[{"id":156916,"href":"https:\/\/corrientesdetarde.com\/index.php\/wp-json\/wp\/v2\/posts\/156902\/revisions\/156916"}],"wp:featuredmedia":[{"embeddable":true,"href":"https:\/\/corrientesdetarde.com\/index.php\/wp-json\/wp\/v2\/media\/156908"}],"wp:attachment":[{"href":"https:\/\/corrientesdetarde.com\/index.php\/wp-json\/wp\/v2\/media?parent=156902"}],"wp:term":[{"taxonomy":"category","embeddable":true,"href":"https:\/\/corrientesdetarde.com\/index.php\/wp-json\/wp\/v2\/categories?post=156902"},{"taxonomy":"post_tag","embeddable":true,"href":"https:\/\/corrientesdetarde.com\/index.php\/wp-json\/wp\/v2\/tags?post=156902"}],"curies":[{"name":"wp","href":"https:\/\/api.w.org\/{rel}","templated":true}]}}