{"id":156905,"date":"2024-08-03T11:00:24","date_gmt":"2024-08-03T14:00:24","guid":{"rendered":"https:\/\/corrientesdetarde.com\/?p=156905"},"modified":"2024-08-03T11:00:25","modified_gmt":"2024-08-03T14:00:25","slug":"mascherano-sobre-su-futuro-en-la-seleccion-argentina-tras-la-eliminacion","status":"publish","type":"post","link":"https:\/\/corrientesdetarde.com\/index.php\/deportes\/mascherano-sobre-su-futuro-en-la-seleccion-argentina-tras-la-eliminacion\/","title":{"rendered":"Mascherano sobre su futuro en la selecci\u00f3n argentina tras la eliminaci\u00f3n"},"content":{"rendered":"\n<p>El DT de la Sub 23 dej\u00f3 sus sensaciones tras la ca\u00edda ante Francia en Burdeos por los cuartos de final.<\/p>\n\n\n\n<p>La selecci\u00f3n argentina cay\u00f3 1-0 ante Francia en Burdeos y se march\u00f3 de los Juegos Ol\u00edmpicos de Par\u00eds 2024 en los cuartos de final. La Albiceleste se encontr\u00f3 por detr\u00e1s en el resultado a los cuatro minutos de partido por el gol de Jean-Philippe Mateta y no tuvo posibilidades de revertir el marcador ante un rival que sue\u00f1a con repetir el oro logrado hace 40 a\u00f1os en Los \u00c1ngeles 1984.<\/p>\n\n\n\n<p>Finalizado el compromiso, el entrenador de la Celeste y Blanca, Javier Mascherano, manifest\u00f3 sus sensaciones por el adi\u00f3s anticipado de un conjunto que aspiraba a la lucha por medallas. &#8220;Duele mucho porque ten\u00edamos la ilusi\u00f3n de que este equipo pueda llegar lejos&#8221;, cont\u00f3.<\/p>\n\n\n\n<p>En charla con TyC Sports, el periodista de la se\u00f1al deportiva, Gast\u00f3n Edul, le consult\u00f3: &#8220;El a\u00f1o que viene est\u00e1 el Mundial Sub 20 en Chile. \u00bfQu\u00e9 planes ten\u00e9s a futuro?&#8221;. Frente a esto, Masche declar\u00f3: &#8220;Ahora, ir al hotel y tratar de digerir esta derrota. \u00bfSi la digiero de manera distinta a otras derrotas? S\u00ed, claramente uno se va golpeando la cabeza contra la pared varias veces&#8221;.<\/p>\n\n\n\n<p>El Jefecito manifest\u00f3 su lamento por esta ca\u00edda que lo apart\u00f3 del choque ante Egipto en semifinales: &#8220;Est\u00e1bamos muy ilusionados, cre\u00edamos que estaban las condiciones dadas y el equipo nos hac\u00eda sentir que est\u00e1bamos para llegar lejos. La realidad es que no hay ning\u00fan reproche con los chicos. Estoy totalmente agradecido a los tres mayores que nos vinieron a dar una mano. A los menores que siempre estuvieron bien predispuestos, a todos los que han luchado con los clubes para poder estar, a los que no a \u00faltimo momento tambi\u00e9n estoy agradecido porque s\u00e9 la fuerza que hicieron para estar y a los chicos que nos clasificaron en enero y febrero&#8221;.<\/p>\n\n\n\n<p>A continuaci\u00f3n, analiz\u00f3 el compromiso ante Les Bleus en el Estadio Matmut Atlantique: &#8220;Es dif\u00edcil sacar una conclusi\u00f3n en caliente. Creo que falt\u00f3 el gol. Nos cost\u00f3 en los primeros 15 minutos, sobretodo por el gol tempranero, pero despu\u00e9s el equipo empez\u00f3 a sentirse c\u00f3modo. Nos sacamos un poco de encima el nerviosismo. Despu\u00e9s fue pr\u00e1cticamente todo nuestro. Es dif\u00edcil entender un partido como el de hoy, donde pr\u00e1cticamente nos llegaron poco y nada y nosotros tuvimos unas cuantas situaciones para empatar.<\/p>\n\n\n\n<p>&#8220;No es nada nuevo lo que me toc\u00f3 vivir hoy. El f\u00fatbol tiene estas cosas. A veces, hac\u00e9s todo para ganarlo, hicimos m\u00e9ritos para no perderlo. Sin embargo, nos quedamos con las manos vac\u00edas. Tiene que ver con este deporte que, a veces, es tan lindo y a veces es horrible. Tengo la tranquilidad de haber jugado hasta el \u00faltimo segundo como tiene que hacerlo la selecci\u00f3n argentina, yendo a buscarlo, generando situaciones, tomando riesgos, que finalmente es lo que tratamos de inculcarle a los jugadores&#8221;, relat\u00f3.<\/p>\n\n\n\n<p>En este sentido, expres\u00f3 que pudo plasmar su idea de juego con este plantel: &#8220;No tengo ninguna duda de eso. Jugamos todos los partidos siendo protagonistas. Inclusive tambi\u00e9n el primero contra Marruecos. En todos generamos m\u00e1s situaciones que el rival, pero el f\u00fatbol no entiende de merecimientos y nos toca irnos a casa&#8221;.<\/p>\n","protected":false},"excerpt":{"rendered":"<p>El DT de la Sub 23 dej\u00f3 sus sensaciones tras la ca\u00edda ante Francia en Burdeos por los cuartos de final. La selecci\u00f3n argentina cay\u00f3 1-0 ante Francia en Burdeos&hellip; <\/p>\n","protected":false},"author":3,"featured_media":156911,"comment_status":"closed","ping_status":"open","sticky":false,"template":"","format":"standard","meta":{"footnotes":""},"categories":[4],"tags":[],"class_list":["post-156905","post","type-post","status-publish","format-standard","has-post-thumbnail","hentry","category-deportes"],"_links":{"self":[{"href":"https:\/\/corrientesdetarde.com\/index.php\/wp-json\/wp\/v2\/posts\/156905","targetHints":{"allow":["GET"]}}],"collection":[{"href":"https:\/\/corrientesdetarde.com\/index.php\/wp-json\/wp\/v2\/posts"}],"about":[{"href":"https:\/\/corrientesdetarde.com\/index.php\/wp-json\/wp\/v2\/types\/post"}],"author":[{"embeddable":true,"href":"https:\/\/corrientesdetarde.com\/index.php\/wp-json\/wp\/v2\/users\/3"}],"replies":[{"embeddable":true,"href":"https:\/\/corrientesdetarde.com\/index.php\/wp-json\/wp\/v2\/comments?post=156905"}],"version-history":[{"count":1,"href":"https:\/\/corrientesdetarde.com\/index.php\/wp-json\/wp\/v2\/posts\/156905\/revisions"}],"predecessor-version":[{"id":156917,"href":"https:\/\/corrientesdetarde.com\/index.php\/wp-json\/wp\/v2\/posts\/156905\/revisions\/156917"}],"wp:featuredmedia":[{"embeddable":true,"href":"https:\/\/corrientesdetarde.com\/index.php\/wp-json\/wp\/v2\/media\/156911"}],"wp:attachment":[{"href":"https:\/\/corrientesdetarde.com\/index.php\/wp-json\/wp\/v2\/media?parent=156905"}],"wp:term":[{"taxonomy":"category","embeddable":true,"href":"https:\/\/corrientesdetarde.com\/index.php\/wp-json\/wp\/v2\/categories?post=156905"},{"taxonomy":"post_tag","embeddable":true,"href":"https:\/\/corrientesdetarde.com\/index.php\/wp-json\/wp\/v2\/tags?post=156905"}],"curies":[{"name":"wp","href":"https:\/\/api.w.org\/{rel}","templated":true}]}}