{"id":156907,"date":"2024-08-03T11:00:20","date_gmt":"2024-08-03T14:00:20","guid":{"rendered":"https:\/\/corrientesdetarde.com\/?p=156907"},"modified":"2024-08-03T11:00:21","modified_gmt":"2024-08-03T14:00:21","slug":"fernando-burlando-hablo-de-la-foto-del-nene-parecido-a-loan-hay-novedades","status":"publish","type":"post","link":"https:\/\/corrientesdetarde.com\/index.php\/policiales\/fernando-burlando-hablo-de-la-foto-del-nene-parecido-a-loan-hay-novedades\/","title":{"rendered":"Fernando Burlando habl\u00f3 de la foto del nene parecido a Loan: \u201cHay novedades\u201d"},"content":{"rendered":"\n<p>El abogado se refiri\u00f3 a la imagen que se difundi\u00f3 en las \u00faltimas horas de un chico en un shopping de Colombia.<\/p>\n\n\n\n<p>El abogado Fernando Burlando se refiri\u00f3 a la foto que se difundi\u00f3 en las \u00faltimas horas en las que se ve a un chico en un shopping colombiano y que varias personas, incluso la propia familia del menor desaparecido, consideraron que se trataba de Loan Danilo Pe\u00f1a.<\/p>\n\n\n\n<p>En un video subido a su cuenta de Instagram, el letrado asegur\u00f3 que \u201chay novedades\u201d. \u201cApareci\u00f3 una fotograf\u00eda de un chiquito, de una criatura, de las mismas caracter\u00edsticas que Loan. Esto ha generado mucha inquietud en la familia y mucha expectativa\u201d, explic\u00f3 Burlando.<\/p>\n\n\n\n<p>Asimismo, el abogado sostuvo que \u201cuna vez que tomamos conocimiento de esta circunstancia y de c\u00f3mo se encontraba la familia, la presentamos a la justicia. Si tenemos que viajar a Colombia, vamos a viajar nosotros a hacer la denuncia\u201d.<\/p>\n\n\n\n<p>\u201cTambi\u00e9n le pedimos a la jueza una reuni\u00f3n con la mam\u00e1 de Loan y, muy fr\u00edamente, nos dijeron que se estaba cumpliendo con todo lo que pide la querella\u201d, sostuvo Burlando y sigui\u00f3: \u201cBueno, lo que pide la querella fue esa reuni\u00f3n con la mam\u00e1 de Loan. Basta de alejar a la justicia de la gente. Vamos a reiterar ese pedido hasta que nos contesten\u201d.<\/p>\n\n\n\n<p><strong>La mam\u00e1 de Loan habl\u00f3 sobre la foto que se viraliz\u00f3 de un nene en Colombia: \u201cEs \u00e9l, tiene la misma cicatriz\u201d<\/strong><\/p>\n\n\n\n<p>Tras la difusi\u00f3n en las redes sociales de una foto que muestra a un nene en un shopping que quedar\u00eda en Barranquilla, Colombia, los pap\u00e1s de Loan afirmaron que ser\u00eda su hijo. \u201cEl de la foto es Loan, tiene la misma cicatriz\u201d, asegur\u00f3 Mar\u00eda Noguera, la madre.<\/p>\n\n\n\n<p>\u201cS\u00ed es Loan. Vi esa foto ni bien me mostr\u00f3 mi hijo y le notifiqu\u00e9 que era Loan\u201d, dijo Noguera en una nueva movilizaci\u00f3n en Corrientes al cumplirse el d\u00eda 50 de la desaparici\u00f3n del peque\u00f1o de cinco a\u00f1os.<\/p>\n\n\n\n<p>En cuanto fue consultada por lo que le llam\u00f3 la atenci\u00f3n de la imagen, la mujer respondi\u00f3 que se deb\u00eda a una \u201ccicatriz del remolino que tiene en la frente y el cuerpo\u201d. Adem\u00e1s, tambi\u00e9n manifest\u00f3 que la alert\u00f3 el modo en c\u00f3mo el nene de la foto se sienta \u201cporque as\u00ed es la forma de sentarse de Loan\u201d.<\/p>\n\n\n\n<p>Asimismo, Mar\u00eda confirm\u00f3 que sus hijos, Jos\u00e9 y Mariano, ya se comunicaron con sus abogados luego de la \u00faltima noticia. \u201cVimos la foto, pero no podemos hacer nada, as\u00ed que esperamos a la Justicia y que act\u00faen r\u00e1pido\u201d, remarc\u00f3.<\/p>\n","protected":false},"excerpt":{"rendered":"<p>El abogado se refiri\u00f3 a la imagen que se difundi\u00f3 en las \u00faltimas horas de un chico en un shopping de Colombia. El abogado Fernando Burlando se refiri\u00f3 a la&hellip; <\/p>\n","protected":false},"author":3,"featured_media":156909,"comment_status":"closed","ping_status":"open","sticky":false,"template":"","format":"standard","meta":{"footnotes":""},"categories":[33],"tags":[],"class_list":["post-156907","post","type-post","status-publish","format-standard","has-post-thumbnail","hentry","category-policiales"],"_links":{"self":[{"href":"https:\/\/corrientesdetarde.com\/index.php\/wp-json\/wp\/v2\/posts\/156907","targetHints":{"allow":["GET"]}}],"collection":[{"href":"https:\/\/corrientesdetarde.com\/index.php\/wp-json\/wp\/v2\/posts"}],"about":[{"href":"https:\/\/corrientesdetarde.com\/index.php\/wp-json\/wp\/v2\/types\/post"}],"author":[{"embeddable":true,"href":"https:\/\/corrientesdetarde.com\/index.php\/wp-json\/wp\/v2\/users\/3"}],"replies":[{"embeddable":true,"href":"https:\/\/corrientesdetarde.com\/index.php\/wp-json\/wp\/v2\/comments?post=156907"}],"version-history":[{"count":1,"href":"https:\/\/corrientesdetarde.com\/index.php\/wp-json\/wp\/v2\/posts\/156907\/revisions"}],"predecessor-version":[{"id":156914,"href":"https:\/\/corrientesdetarde.com\/index.php\/wp-json\/wp\/v2\/posts\/156907\/revisions\/156914"}],"wp:featuredmedia":[{"embeddable":true,"href":"https:\/\/corrientesdetarde.com\/index.php\/wp-json\/wp\/v2\/media\/156909"}],"wp:attachment":[{"href":"https:\/\/corrientesdetarde.com\/index.php\/wp-json\/wp\/v2\/media?parent=156907"}],"wp:term":[{"taxonomy":"category","embeddable":true,"href":"https:\/\/corrientesdetarde.com\/index.php\/wp-json\/wp\/v2\/categories?post=156907"},{"taxonomy":"post_tag","embeddable":true,"href":"https:\/\/corrientesdetarde.com\/index.php\/wp-json\/wp\/v2\/tags?post=156907"}],"curies":[{"name":"wp","href":"https:\/\/api.w.org\/{rel}","templated":true}]}}