{"id":156931,"date":"2024-08-03T14:21:23","date_gmt":"2024-08-03T17:21:23","guid":{"rendered":"https:\/\/corrientesdetarde.com\/?p=156931"},"modified":"2024-08-03T14:21:26","modified_gmt":"2024-08-03T17:21:26","slug":"anticipan-lluvias-y-descenso-de-temperatura-en-corrientes","status":"publish","type":"post","link":"https:\/\/corrientesdetarde.com\/index.php\/actualidad\/anticipan-lluvias-y-descenso-de-temperatura-en-corrientes\/","title":{"rendered":"Anticipan lluvias y descenso de temperatura en Corrientes"},"content":{"rendered":"\n<p>El veranillo llegar\u00e1 a su fin este fin de semana, seg\u00fan indico, el servicio oficial de meteorolog\u00eda. Se espera un fin de semana cambiante con inestabilidad y probabilidades de lluvia que traer\u00e1n consigo descenso de la temperatura temperatura a partir de la pr\u00f3xima semana.<\/p>\n\n\n\n<p>Este s\u00e1bado se presentar\u00e1 todav\u00eda con buenas condiciones de tiempo y algo caluroso. La temperatura m\u00ednima rozar a los 15\u00b0 y la m\u00e1xima podr\u00eda llegar a los 30 o 31, acompa\u00f1ado de cielo, algo nublado y mucha presencia de viento del norte .<\/p>\n\n\n\n<p>No obstante, se espera aumento de la nudosidad a partir de la noche del s\u00e1bado y la llegada de viento sur que traer\u00e1 consigo inestabilidad<\/p>\n\n\n\n<p>El domingo se presentar\u00e1 con elevado nubosidad y las probabilidades de lluvia aumentar\u00e1n desde la madrugada . se esperan lluvias de variada intensidad en la ciudad de Corrientes, acompa\u00f1ado de viento, del sur y descenso de temperatura, con una m\u00ednima que podr\u00eda ubicarse en los 14 o 15\u00b0 mientras que la m\u00e1xima apenas llegar\u00eda a los 22 para este d\u00eda.<\/p>\n\n\n\n<p>La inestabilidad permanecer\u00e1 durante la jornada del lunes, que tambi\u00e9n podr\u00eda tener algunas lloviznas aisladas . La temperatura se mantendr\u00e1 entre los 14\u00b0 de m\u00ednima y los 22\u00b0 de m\u00e1xima.&nbsp;<\/p>\n\n\n\n<p>Adem\u00e1s, se espera que a partir del mi\u00e9rcoles las temperaturas vuelvan a descender ubic\u00e1ndose en m\u00ednimas de entre ocho y 9\u00b0 hasta el domingo de la pr\u00f3xima semana.<\/p>\n","protected":false},"excerpt":{"rendered":"<p>El veranillo llegar\u00e1 a su fin este fin de semana, seg\u00fan indico, el servicio oficial de meteorolog\u00eda. Se espera un fin de semana cambiante con inestabilidad y probabilidades de lluvia&hellip; <\/p>\n","protected":false},"author":12,"featured_media":156937,"comment_status":"closed","ping_status":"open","sticky":false,"template":"","format":"standard","meta":{"footnotes":""},"categories":[23,29],"tags":[],"class_list":["post-156931","post","type-post","status-publish","format-standard","has-post-thumbnail","hentry","category-actualidad","category-clima"],"_links":{"self":[{"href":"https:\/\/corrientesdetarde.com\/index.php\/wp-json\/wp\/v2\/posts\/156931","targetHints":{"allow":["GET"]}}],"collection":[{"href":"https:\/\/corrientesdetarde.com\/index.php\/wp-json\/wp\/v2\/posts"}],"about":[{"href":"https:\/\/corrientesdetarde.com\/index.php\/wp-json\/wp\/v2\/types\/post"}],"author":[{"embeddable":true,"href":"https:\/\/corrientesdetarde.com\/index.php\/wp-json\/wp\/v2\/users\/12"}],"replies":[{"embeddable":true,"href":"https:\/\/corrientesdetarde.com\/index.php\/wp-json\/wp\/v2\/comments?post=156931"}],"version-history":[{"count":1,"href":"https:\/\/corrientesdetarde.com\/index.php\/wp-json\/wp\/v2\/posts\/156931\/revisions"}],"predecessor-version":[{"id":156938,"href":"https:\/\/corrientesdetarde.com\/index.php\/wp-json\/wp\/v2\/posts\/156931\/revisions\/156938"}],"wp:featuredmedia":[{"embeddable":true,"href":"https:\/\/corrientesdetarde.com\/index.php\/wp-json\/wp\/v2\/media\/156937"}],"wp:attachment":[{"href":"https:\/\/corrientesdetarde.com\/index.php\/wp-json\/wp\/v2\/media?parent=156931"}],"wp:term":[{"taxonomy":"category","embeddable":true,"href":"https:\/\/corrientesdetarde.com\/index.php\/wp-json\/wp\/v2\/categories?post=156931"},{"taxonomy":"post_tag","embeddable":true,"href":"https:\/\/corrientesdetarde.com\/index.php\/wp-json\/wp\/v2\/tags?post=156931"}],"curies":[{"name":"wp","href":"https:\/\/api.w.org\/{rel}","templated":true}]}}