{"id":156980,"date":"2024-08-04T11:17:54","date_gmt":"2024-08-04T14:17:54","guid":{"rendered":"https:\/\/corrientesdetarde.com\/?p=156980"},"modified":"2024-08-04T11:18:06","modified_gmt":"2024-08-04T14:18:06","slug":"la-justicia-investiga-a-alberto-fernandez-por-presunta-violencia-de-genero","status":"publish","type":"post","link":"https:\/\/corrientesdetarde.com\/index.php\/politica\/la-justicia-investiga-a-alberto-fernandez-por-presunta-violencia-de-genero\/","title":{"rendered":"La Justicia investiga a Alberto Fern\u00e1ndez por presunta violencia de g\u00e9nero"},"content":{"rendered":"\n<p>El expresidente suma una nueva causa mientras avanza el esc\u00e1ndalo de los seguros. Chats que se filtraron lo comprometen por supuesta agresi\u00f3n a Fabiola Ya\u00f1ez.<\/p>\n\n\n\n<p>A la par de la investigaci\u00f3n sobre el esc\u00e1ndalo de los seguros, el expresidente\u00a0<strong>Alberto Fern\u00e1ndez<\/strong>\u00a0vuelve a estar en el ojo judicial por chats que evidenciar\u00edan actos de\u00a0<strong>presunta violencia de g\u00e9nero<\/strong>\u00a0sobre su pareja\u00a0<strong>Fabiola Ya\u00f1ez<\/strong>.\u00a0<\/p>\n\n\n\n<p>Seg\u00fan revel\u00f3 Clar\u00edn, las pruebas se detectaron en el celular de la hist\u00f3rica secretaria del exmandatario, Mar\u00eda Cantero. Su tel\u00e9fono m\u00f3vil fue secuestrado y peritado en el marco de la causa que conducen el fiscal Carlos R\u00edvolo y el juez Juli\u00e1n Ercolini. All\u00ed se indaga sobre la intervenci\u00f3n de intermediarios en contratos de p\u00f3lizas entre organismos del Estado, gracias a un singular decreto presidencial.&nbsp;<\/p>\n\n\n\n<p>La nueva pol\u00e9mica surgi\u00f3 en medio del peritaje de la Polic\u00eda Federal sobre el contenido del celular de Cantero, desde 2019 hasta este a\u00f1o.<\/p>\n\n\n\n<p>Aunque se buscaba informaci\u00f3n sobre Fern\u00e1ndez y su v\u00ednculo con la trama il\u00edcita de los seguros, hab\u00eda informaci\u00f3n mucho m\u00e1s s\u00f3rdida para Fern\u00e1ndez.&nbsp;<strong>El juzgado fue notificado de que en el celular hab\u00eda pruebas de la posible comisi\u00f3n de un delito: violencia de g\u00e9nero contra Fabiola Ya\u00f1ez<\/strong>, aparentemente perpetradas por su marido en la Quinta de Olivos.<\/p>\n\n\n\n<p><strong>Entre las im\u00e1genes encontradas, se incluyen fotos de la ex primera dama con signos visibles de golpes. Adem\u00e1s, se descubrieron audios y chats donde Ya\u00f1ez describe presuntas golpizas sufridas en la Quinta de Olivos.<\/strong><\/p>\n\n\n\n<h4 class=\"wp-block-heading\">Los chats que complican a la ex secretaria de Alberto Fern\u00e1ndez en la causa por los seguros<\/h4>\n\n\n\n<p>La pericia oficial del tel\u00e9fono de&nbsp;<strong>Cantero<\/strong>&nbsp;-a la que accedi\u00f3&nbsp;<strong>Infobae<\/strong>&#8211; secuestrado por la Polic\u00eda Federal en marzo,<strong>&nbsp;<\/strong><strong>la pareja utiliz\u00f3 sus v\u00ednculos con Casa Rosada para concretar millonarios contratos a trav\u00e9s de las relaciones de la ex secretaria con los funcionarios.&nbsp;<\/strong><\/p>\n\n\n\n<p>Los chats revelan que<strong>&nbsp;<\/strong><strong>Mart\u00ednez Sosa visit\u00f3 en varias ocasiones la quinta de Olivos<\/strong>&nbsp;y que incluso se entrevist\u00f3 con&nbsp;<strong>Alberto Fern\u00e1ndez<\/strong>, a pesar de que sus ingresos no figuran en los registros oficiales.&nbsp;<\/p>\n\n\n\n<p>En el marco del allanamiento ordenado por el juez&nbsp;<strong>Juli\u00e1n Ercolini<\/strong>, se detect\u00f3 que la ex secretaria hac\u00eda de nexo entre su marido y el entorno del ex mandatario para avanzar en los acuerdos comerciales.&nbsp;<\/p>\n","protected":false},"excerpt":{"rendered":"<p>El expresidente suma una nueva causa mientras avanza el esc\u00e1ndalo de los seguros. Chats que se filtraron lo comprometen por supuesta agresi\u00f3n a Fabiola Ya\u00f1ez. A la par de la&hellip; <\/p>\n","protected":false},"author":4,"featured_media":157052,"comment_status":"closed","ping_status":"open","sticky":false,"template":"","format":"standard","meta":{"footnotes":""},"categories":[3],"tags":[],"class_list":["post-156980","post","type-post","status-publish","format-standard","has-post-thumbnail","hentry","category-politica"],"_links":{"self":[{"href":"https:\/\/corrientesdetarde.com\/index.php\/wp-json\/wp\/v2\/posts\/156980","targetHints":{"allow":["GET"]}}],"collection":[{"href":"https:\/\/corrientesdetarde.com\/index.php\/wp-json\/wp\/v2\/posts"}],"about":[{"href":"https:\/\/corrientesdetarde.com\/index.php\/wp-json\/wp\/v2\/types\/post"}],"author":[{"embeddable":true,"href":"https:\/\/corrientesdetarde.com\/index.php\/wp-json\/wp\/v2\/users\/4"}],"replies":[{"embeddable":true,"href":"https:\/\/corrientesdetarde.com\/index.php\/wp-json\/wp\/v2\/comments?post=156980"}],"version-history":[{"count":1,"href":"https:\/\/corrientesdetarde.com\/index.php\/wp-json\/wp\/v2\/posts\/156980\/revisions"}],"predecessor-version":[{"id":157054,"href":"https:\/\/corrientesdetarde.com\/index.php\/wp-json\/wp\/v2\/posts\/156980\/revisions\/157054"}],"wp:featuredmedia":[{"embeddable":true,"href":"https:\/\/corrientesdetarde.com\/index.php\/wp-json\/wp\/v2\/media\/157052"}],"wp:attachment":[{"href":"https:\/\/corrientesdetarde.com\/index.php\/wp-json\/wp\/v2\/media?parent=156980"}],"wp:term":[{"taxonomy":"category","embeddable":true,"href":"https:\/\/corrientesdetarde.com\/index.php\/wp-json\/wp\/v2\/categories?post=156980"},{"taxonomy":"post_tag","embeddable":true,"href":"https:\/\/corrientesdetarde.com\/index.php\/wp-json\/wp\/v2\/tags?post=156980"}],"curies":[{"name":"wp","href":"https:\/\/api.w.org\/{rel}","templated":true}]}}