{"id":157049,"date":"2024-08-04T13:23:16","date_gmt":"2024-08-04T16:23:16","guid":{"rendered":"https:\/\/corrientesdetarde.com\/?p=157049"},"modified":"2024-08-04T13:23:20","modified_gmt":"2024-08-04T16:23:20","slug":"una-fuerte-discusion-de-pareja-y-nada-mas-dijo-el-abogado-de-alberto-sobre-la-presunta-agresion-a-fabiola","status":"publish","type":"post","link":"https:\/\/corrientesdetarde.com\/index.php\/politica\/una-fuerte-discusion-de-pareja-y-nada-mas-dijo-el-abogado-de-alberto-sobre-la-presunta-agresion-a-fabiola\/","title":{"rendered":"&#8220;Una fuerte discusi\u00f3n de pareja y nada m\u00e1s&#8221;, dijo el abogado de Alberto sobre la presunta agresi\u00f3n a Fabiola"},"content":{"rendered":"\n<p>Juan Pablo Fioribello rompi\u00f3 el silencio tras la aparici\u00f3n de pruebas que comprometen al expresidente, quien le neg\u00f3 absolutamente que haya existido &#8220;violencia f\u00edsica&#8221;.<\/p>\n\n\n\n<p><strong>\u201cSe trat\u00f3 de una fuerte discusi\u00f3n de pareja y nada m\u00e1s\u201d,&nbsp;<\/strong>sostuvo Juan Pablo Fioribello, el abogado defensor de Alberto Fern\u00e1ndez, mientras la Justicia analiza pruebas que comprometer\u00edan al expresidente en una causa por presunta violencia de g\u00e9nero contra Fabiola Ya\u00f1ez.<\/p>\n\n\n\n<p>Esta ma\u00f1ana, el letrado revel\u00f3 en di\u00e1logo con Clar\u00edn que habl\u00f3 con el exmandatario y este le neg\u00f3 &#8220;en forma categ\u00f3rica&#8221; cualquier episodio de &#8220;violencia f\u00edsica&#8221; con la ex Primera Dama.<\/p>\n\n\n\n<h4 class=\"wp-block-heading\"><strong>Que pas\u00f3<\/strong><\/h4>\n\n\n\n<p>A la par de la investigaci\u00f3n sobre el esc\u00e1ndalo de los seguros, Fern\u00e1ndez vuelve a estar en el ojo judicial por chats que evidenciar\u00edan actos de presunta violencia de g\u00e9nero sobre su pareja Fabiola Ya\u00f1ez.<\/p>\n\n\n\n<p>Seg\u00fan revel\u00f3 Clar\u00edn, las pruebas se detectaron en el celular de la hist\u00f3rica secretaria del exmandatario, Mar\u00eda Cantero. Su tel\u00e9fono m\u00f3vil fue secuestrado y peritado en el marco de la causa que conducen el fiscal Carlos R\u00edvolo y el juez Juli\u00e1n Ercolini. All\u00ed se indaga sobre la intervenci\u00f3n de intermediarios en contratos de p\u00f3lizas entre organismos del Estado, gracias a un singular decreto presidencial.<\/p>\n\n\n\n<p>La nueva pol\u00e9mica surgi\u00f3 en medio del peritaje de la Polic\u00eda Federal sobre el contenido del celular de Cantero, desde 2019 hasta este a\u00f1o.<\/p>\n\n\n\n<p>Aunque se buscaba informaci\u00f3n sobre Fern\u00e1ndez y su v\u00ednculo con la trama il\u00edcita de los seguros, hab\u00eda informaci\u00f3n mucho m\u00e1s s\u00f3rdida para Fern\u00e1ndez. El juzgado fue notificado de que en el celular hab\u00eda pruebas de la posible comisi\u00f3n de un delito: violencia de g\u00e9nero contra Fabiola Ya\u00f1ez, aparentemente perpetradas por su marido en la Quinta de Olivos.<\/p>\n\n\n\n<p>Entre las im\u00e1genes encontradas, se incluyen fotos de la ex primera dama con signos visibles de golpes. Adem\u00e1s, se descubrieron audios y chats donde Ya\u00f1ez describe presuntas golpizas sufridas en la Quinta de Olivos.<\/p>\n","protected":false},"excerpt":{"rendered":"<p>Juan Pablo Fioribello rompi\u00f3 el silencio tras la aparici\u00f3n de pruebas que comprometen al expresidente, quien le neg\u00f3 absolutamente que haya existido &#8220;violencia f\u00edsica&#8221;. \u201cSe trat\u00f3 de una fuerte discusi\u00f3n&hellip; <\/p>\n","protected":false},"author":4,"featured_media":157050,"comment_status":"closed","ping_status":"open","sticky":false,"template":"","format":"standard","meta":{"footnotes":""},"categories":[3],"tags":[],"class_list":["post-157049","post","type-post","status-publish","format-standard","has-post-thumbnail","hentry","category-politica"],"_links":{"self":[{"href":"https:\/\/corrientesdetarde.com\/index.php\/wp-json\/wp\/v2\/posts\/157049","targetHints":{"allow":["GET"]}}],"collection":[{"href":"https:\/\/corrientesdetarde.com\/index.php\/wp-json\/wp\/v2\/posts"}],"about":[{"href":"https:\/\/corrientesdetarde.com\/index.php\/wp-json\/wp\/v2\/types\/post"}],"author":[{"embeddable":true,"href":"https:\/\/corrientesdetarde.com\/index.php\/wp-json\/wp\/v2\/users\/4"}],"replies":[{"embeddable":true,"href":"https:\/\/corrientesdetarde.com\/index.php\/wp-json\/wp\/v2\/comments?post=157049"}],"version-history":[{"count":1,"href":"https:\/\/corrientesdetarde.com\/index.php\/wp-json\/wp\/v2\/posts\/157049\/revisions"}],"predecessor-version":[{"id":157071,"href":"https:\/\/corrientesdetarde.com\/index.php\/wp-json\/wp\/v2\/posts\/157049\/revisions\/157071"}],"wp:featuredmedia":[{"embeddable":true,"href":"https:\/\/corrientesdetarde.com\/index.php\/wp-json\/wp\/v2\/media\/157050"}],"wp:attachment":[{"href":"https:\/\/corrientesdetarde.com\/index.php\/wp-json\/wp\/v2\/media?parent=157049"}],"wp:term":[{"taxonomy":"category","embeddable":true,"href":"https:\/\/corrientesdetarde.com\/index.php\/wp-json\/wp\/v2\/categories?post=157049"},{"taxonomy":"post_tag","embeddable":true,"href":"https:\/\/corrientesdetarde.com\/index.php\/wp-json\/wp\/v2\/tags?post=157049"}],"curies":[{"name":"wp","href":"https:\/\/api.w.org\/{rel}","templated":true}]}}