{"id":157061,"date":"2024-08-04T11:20:23","date_gmt":"2024-08-04T14:20:23","guid":{"rendered":"https:\/\/corrientesdetarde.com\/?p=157061"},"modified":"2024-08-04T11:20:24","modified_gmt":"2024-08-04T14:20:24","slug":"milei-sobre-las-elecciones-en-venezuela-es-hora-de-que-salgan-de-la-neutralidad","status":"publish","type":"post","link":"https:\/\/corrientesdetarde.com\/index.php\/politica\/milei-sobre-las-elecciones-en-venezuela-es-hora-de-que-salgan-de-la-neutralidad\/","title":{"rendered":"Milei, sobre las elecciones en Venezuela: \u201cEs hora de que salgan de la neutralidad\u201d"},"content":{"rendered":"\n<p>El Presidente respald\u00f3 a Mar\u00eda Corina Machado, a pesar de la turbulencia generada entre la postura de la canciller, Diana Mondino, y la Canciller\u00eda. \u201cC\u00f3mplices por acci\u00f3n u omisi\u00f3n\u201d, carg\u00f3 el mandatario.<\/p>\n\n\n\n<p>El presidente<strong>&nbsp;Javier Milei&nbsp;<\/strong>volvi\u00f3 a expresarse sobre las elecciones en Venezuela y a desconocer el autoproclamado triunfo de&nbsp;<strong>Nicol\u00e1s Maduro. \u201cEs hora de que salgan de la neutralidad\u201d<\/strong>, pidi\u00f3 a la comunidad internacional, pol\u00edticos, empresarios, sindicalistas y periodistas.&nbsp;<\/p>\n\n\n\n<p>A trav\u00e9s de un mensaje de X, al que titul\u00f3&nbsp;<strong>\u201c<\/strong><strong>C\u00f3mplices, por acci\u00f3n u omisi\u00f3n\u201d<\/strong>, el mandatario asegur\u00f3 que&nbsp;<strong>\u201cen Venezuela hay una Dictadura Comunista que secuestra, tortura y asesina a cualquiera que se les oponga\u201d.<\/strong>&nbsp;\u201cNinguna persona honesta intelectualmente puede negar esta realidad\u201d, puntualiz\u00f3.<\/p>\n\n\n\n<p>\u201c\u00bfNo les llama la atenci\u00f3n que todos los pol\u00edticos, periodistas, empresarios y sindicalistas que nos tildaron de fascistas cierren la boca con respecto a la dictadura venezolana?&nbsp;<strong>Incluso algunos apoyan al Dictador Maduro\u201d,<\/strong>&nbsp;afirm\u00f3.&nbsp;<\/p>\n\n\n\n<p>En la misma l\u00ednea, remarc\u00f3: \u201cDicen, sin ponerse colorados, que gan\u00f3 las elecciones de forma leg\u00edtima.&nbsp;<strong>Que Venezuela es una democracia. Todo esto mientras afirman que nuestro movimiento es fascista\u201d.<\/strong><\/p>\n\n\n\n<p>Para Milei, \u201cel Comunismo es una ideolog\u00eda asesina y antihumana que siempre termina en una dictadura sangrienta y asesina, como el fascismo\u201d<strong>. \u201cNunca vas a escuchar a los periodistas progresistas y bienpensantes decir que el comunismo es una ideolog\u00eda asesina\u201d<\/strong>, insisti\u00f3.&nbsp;<\/p>\n\n\n\n<p><strong>\u201cEs hora (de) que elijan y salgan de la neutralidad\u201d,<\/strong>&nbsp;pidi\u00f3 el libertario, y agreg\u00f3: \u201cA los imb\u00e9ciles de la idea del centrismo bienpensante y que tildan de fascista a todo aquel que escapa de su l\u00f3gica mediocre les pregunto de modo directo:&nbsp;<strong>\u00bfMaduro o Corina Machado?\u201d&nbsp;<\/strong><\/p>\n\n\n\n<p>\u201cMientras sigan buscando al helado caliente, al esqueleto obeso y a la meretriz virgen seguir\u00e1n siendo los grandes c\u00f3mplices del desastre decadente argentino. VLLC !!!\u201d, concluy\u00f3 no sin antes sostener que<strong>\u00a0\u201clos boluprogres\u201d\u00a0<\/strong>est\u00e1n inmersos en un \u201clindo brete\u201d ya que si eligen \u201cse contradicen con todo lo que han venido diciendo\/escribiendo (en su definici\u00f3n se vuelven fascistas) y si se mantienen nuestros dejan bien en claro la basura que son. JAQUE MATE\u201d.<\/p>\n\n\n\n<figure class=\"wp-block-embed is-type-rich is-provider-twitter wp-block-embed-twitter\"><div class=\"wp-block-embed__wrapper\">\n<blockquote class=\"twitter-tweet\" data-width=\"550\" data-dnt=\"true\"><p lang=\"es\" dir=\"ltr\">C\u00f3mplices, por acci\u00f3n u omisi\u00f3n.<br><br>En Venezuela hay una Dictadura Comunista que secuestra, tortura y asesina a cualquiera que se les oponga. Ninguna persona honesta intelectualmente puede negar esta realidad.<br><br>\u00bfNo les llama la atenci\u00f3n que todos los pol\u00edticos, periodistas,\u2026<\/p>&mdash; Javier Milei (@JMilei) <a href=\"https:\/\/twitter.com\/JMilei\/status\/1820082841113305344?ref_src=twsrc%5Etfw\">August 4, 2024<\/a><\/blockquote><script async src=\"https:\/\/platform.twitter.com\/widgets.js\" charset=\"utf-8\"><\/script>\n<\/div><\/figure>\n\n\n\n<p>Sus dichos llegan tras la pol\u00e9mica abierta a ra\u00edz de la postura que la canciller,\u00a0<strong>Diana Mondino,<\/strong>\u00a0quien reconoci\u00f3 a trav\u00e9s de sus redes el triunfo de Edmundo Gonz\u00e1lez Urrutia el pasado viernes, y que la propia Canciller\u00eda desdijo algunos minutos despu\u00e9s.\u00a0<\/p>\n","protected":false},"excerpt":{"rendered":"<p>El Presidente respald\u00f3 a Mar\u00eda Corina Machado, a pesar de la turbulencia generada entre la postura de la canciller, Diana Mondino, y la Canciller\u00eda. \u201cC\u00f3mplices por acci\u00f3n u omisi\u00f3n\u201d, carg\u00f3&hellip; <\/p>\n","protected":false},"author":4,"featured_media":157063,"comment_status":"closed","ping_status":"open","sticky":false,"template":"","format":"standard","meta":{"footnotes":""},"categories":[3],"tags":[],"class_list":["post-157061","post","type-post","status-publish","format-standard","has-post-thumbnail","hentry","category-politica"],"_links":{"self":[{"href":"https:\/\/corrientesdetarde.com\/index.php\/wp-json\/wp\/v2\/posts\/157061","targetHints":{"allow":["GET"]}}],"collection":[{"href":"https:\/\/corrientesdetarde.com\/index.php\/wp-json\/wp\/v2\/posts"}],"about":[{"href":"https:\/\/corrientesdetarde.com\/index.php\/wp-json\/wp\/v2\/types\/post"}],"author":[{"embeddable":true,"href":"https:\/\/corrientesdetarde.com\/index.php\/wp-json\/wp\/v2\/users\/4"}],"replies":[{"embeddable":true,"href":"https:\/\/corrientesdetarde.com\/index.php\/wp-json\/wp\/v2\/comments?post=157061"}],"version-history":[{"count":1,"href":"https:\/\/corrientesdetarde.com\/index.php\/wp-json\/wp\/v2\/posts\/157061\/revisions"}],"predecessor-version":[{"id":157064,"href":"https:\/\/corrientesdetarde.com\/index.php\/wp-json\/wp\/v2\/posts\/157061\/revisions\/157064"}],"wp:featuredmedia":[{"embeddable":true,"href":"https:\/\/corrientesdetarde.com\/index.php\/wp-json\/wp\/v2\/media\/157063"}],"wp:attachment":[{"href":"https:\/\/corrientesdetarde.com\/index.php\/wp-json\/wp\/v2\/media?parent=157061"}],"wp:term":[{"taxonomy":"category","embeddable":true,"href":"https:\/\/corrientesdetarde.com\/index.php\/wp-json\/wp\/v2\/categories?post=157061"},{"taxonomy":"post_tag","embeddable":true,"href":"https:\/\/corrientesdetarde.com\/index.php\/wp-json\/wp\/v2\/tags?post=157061"}],"curies":[{"name":"wp","href":"https:\/\/api.w.org\/{rel}","templated":true}]}}