{"id":157237,"date":"2024-08-05T12:11:53","date_gmt":"2024-08-05T15:11:53","guid":{"rendered":"https:\/\/corrientesdetarde.com\/?p=157237"},"modified":"2024-08-05T12:11:57","modified_gmt":"2024-08-05T15:11:57","slug":"se-realizo-capacitacion-a-docentes-de-escuelas-tecnicas","status":"publish","type":"post","link":"https:\/\/corrientesdetarde.com\/index.php\/informacion-general\/se-realizo-capacitacion-a-docentes-de-escuelas-tecnicas\/","title":{"rendered":"Se realiz\u00f3 capacitaci\u00f3n a docentes de escuelas t\u00e9cnicas"},"content":{"rendered":"\n<p>El Ministerio de Educaci\u00f3n, a trav\u00e9s de la Direcci\u00f3n de Planeamiento e Investigaci\u00f3n Educativa realiza, desde esta ma\u00f1ana, un encuentro de acompa\u00f1amiento pedag\u00f3gico destinado a docentes de primero y tercer a\u00f1o de escuelas t\u00e9cnico profesionales. La actividad es parte del Plan de Compromiso por la Educaci\u00f3n que actualmente cuenta con 16 programas.<\/p>\n\n\n\n<p>\u201cEl programa que estamos llevando adelante se llama Leer y Comprender para Resolver y Aprender\u201d, dijo el director de Planeamiento e Investigaci\u00f3n Educativa Julio Simonit, en tanto confirm\u00f3 que en este marco se estar\u00e1 acompa\u00f1ando con cursos y materiales a 43 escuelas t\u00e9cnico profesionales y de manera situada a 18 escuelas. Vale se\u00f1alar que los docentes que participan en la capacitaci\u00f3n de hoy ser\u00e1n los encargados de realizar el acompa\u00f1amiento.<\/p>\n\n\n\n<p>\u201cHabr\u00e1 cursos para docentes y directivos teniendo en cuenta la comprensi\u00f3n lectora como eje transversal para trabajar con un plan institucional de alfabetizaci\u00f3n\u201d, adelant\u00f3 Simonit<\/p>\n\n\n\n<figure class=\"wp-block-gallery has-nested-images columns-default is-cropped wp-block-gallery-1 is-layout-flex wp-block-gallery-is-layout-flex\">\n<figure class=\"wp-block-image size-large\"><img loading=\"lazy\" decoding=\"async\" width=\"1024\" height=\"682\" data-id=\"157240\" src=\"https:\/\/corrientesdetarde.com\/wp-content\/uploads\/2024\/08\/imagen-89177-1024x682.jpg\" alt=\"\" class=\"wp-image-157240\" srcset=\"https:\/\/corrientesdetarde.com\/wp-content\/uploads\/2024\/08\/imagen-89177-1024x682.jpg 1024w, https:\/\/corrientesdetarde.com\/wp-content\/uploads\/2024\/08\/imagen-89177-300x200.jpg 300w, https:\/\/corrientesdetarde.com\/wp-content\/uploads\/2024\/08\/imagen-89177-768x512.jpg 768w, https:\/\/corrientesdetarde.com\/wp-content\/uploads\/2024\/08\/imagen-89177-1536x1023.jpg 1536w, https:\/\/corrientesdetarde.com\/wp-content\/uploads\/2024\/08\/imagen-89177.jpg 1600w\" sizes=\"auto, (max-width: 1024px) 100vw, 1024px\" \/><\/figure>\n\n\n\n<figure class=\"wp-block-image size-large\"><img loading=\"lazy\" decoding=\"async\" width=\"1024\" height=\"682\" data-id=\"157241\" src=\"https:\/\/corrientesdetarde.com\/wp-content\/uploads\/2024\/08\/imagen-89175-1024x682.jpg\" alt=\"\" class=\"wp-image-157241\" srcset=\"https:\/\/corrientesdetarde.com\/wp-content\/uploads\/2024\/08\/imagen-89175-1024x682.jpg 1024w, https:\/\/corrientesdetarde.com\/wp-content\/uploads\/2024\/08\/imagen-89175-300x200.jpg 300w, https:\/\/corrientesdetarde.com\/wp-content\/uploads\/2024\/08\/imagen-89175-768x512.jpg 768w, https:\/\/corrientesdetarde.com\/wp-content\/uploads\/2024\/08\/imagen-89175-1536x1023.jpg 1536w, https:\/\/corrientesdetarde.com\/wp-content\/uploads\/2024\/08\/imagen-89175.jpg 1600w\" sizes=\"auto, (max-width: 1024px) 100vw, 1024px\" \/><\/figure>\n<\/figure>\n","protected":false},"excerpt":{"rendered":"<p>El Ministerio de Educaci\u00f3n, a trav\u00e9s de la Direcci\u00f3n de Planeamiento e Investigaci\u00f3n Educativa realiza, desde esta ma\u00f1ana, un encuentro de acompa\u00f1amiento pedag\u00f3gico destinado a docentes de primero y tercer&hellip; <\/p>\n","protected":false},"author":12,"featured_media":157242,"comment_status":"closed","ping_status":"open","sticky":false,"template":"","format":"standard","meta":{"footnotes":""},"categories":[32,1],"tags":[],"class_list":["post-157237","post","type-post","status-publish","format-standard","has-post-thumbnail","hentry","category-educacion","category-informacion-general"],"_links":{"self":[{"href":"https:\/\/corrientesdetarde.com\/index.php\/wp-json\/wp\/v2\/posts\/157237","targetHints":{"allow":["GET"]}}],"collection":[{"href":"https:\/\/corrientesdetarde.com\/index.php\/wp-json\/wp\/v2\/posts"}],"about":[{"href":"https:\/\/corrientesdetarde.com\/index.php\/wp-json\/wp\/v2\/types\/post"}],"author":[{"embeddable":true,"href":"https:\/\/corrientesdetarde.com\/index.php\/wp-json\/wp\/v2\/users\/12"}],"replies":[{"embeddable":true,"href":"https:\/\/corrientesdetarde.com\/index.php\/wp-json\/wp\/v2\/comments?post=157237"}],"version-history":[{"count":1,"href":"https:\/\/corrientesdetarde.com\/index.php\/wp-json\/wp\/v2\/posts\/157237\/revisions"}],"predecessor-version":[{"id":157243,"href":"https:\/\/corrientesdetarde.com\/index.php\/wp-json\/wp\/v2\/posts\/157237\/revisions\/157243"}],"wp:featuredmedia":[{"embeddable":true,"href":"https:\/\/corrientesdetarde.com\/index.php\/wp-json\/wp\/v2\/media\/157242"}],"wp:attachment":[{"href":"https:\/\/corrientesdetarde.com\/index.php\/wp-json\/wp\/v2\/media?parent=157237"}],"wp:term":[{"taxonomy":"category","embeddable":true,"href":"https:\/\/corrientesdetarde.com\/index.php\/wp-json\/wp\/v2\/categories?post=157237"},{"taxonomy":"post_tag","embeddable":true,"href":"https:\/\/corrientesdetarde.com\/index.php\/wp-json\/wp\/v2\/tags?post=157237"}],"curies":[{"name":"wp","href":"https:\/\/api.w.org\/{rel}","templated":true}]}}