{"id":157245,"date":"2024-08-05T13:47:43","date_gmt":"2024-08-05T16:47:43","guid":{"rendered":"https:\/\/corrientesdetarde.com\/?p=157245"},"modified":"2024-08-05T13:47:55","modified_gmt":"2024-08-05T16:47:55","slug":"durante-un-allanamiento-la-policia-incauto-gran-cantidad-de-marihuana","status":"publish","type":"post","link":"https:\/\/corrientesdetarde.com\/index.php\/crimen-y-justicia\/durante-un-allanamiento-la-policia-incauto-gran-cantidad-de-marihuana\/","title":{"rendered":"durante un allanamiento La Polic\u00eda, incaut\u00f3 gran cantidad de marihuana"},"content":{"rendered":"\n<p>En horas de la ma\u00f1ana de hoy 05-08-24, Efectivos Policiales de la Comisar\u00eda 6\u00ba<br>Urbana y con la cobertura de seguridad de Polic\u00edas de las Divisiones P.A.R. e Infanter\u00eda,<\/p>\n\n\n\n<p>en colaboraci\u00f3n a la Unidad fiscal interviniente, procedieron a diligenciar una orden de<br>allanamiento en el marco investigativo de una causa judicial en un domicilio, ubicado<br>en inmediaciones de la calle V\u00e9lez Sarsfield, a la altura del 500 aproximadamente, del<br>Barrio Ba\u00f1ado Norte.<br>En este contexto y al estar cumpliendo con el mandato judicial, hallaron la<br>cantidad de 79 envoltorios, tipo ladrillos y una bolsa con restos, todo conteniendo una<br>sustancia de origen vegetal, que por sus caracter\u00edsticas hizo presumir a los<br>Funcionarios que se trataba de alguna clase de estupefacientes.<br>Ante tal situaci\u00f3n, solicitaron la presencia y colaboraci\u00f3n del Personal Policial de<br>la Direcci\u00f3n de Drogas Peligrosas y Crimen Organizado, quienes una vez en el lugar,<br>procedieron a efectuar el correspondiente narco-tes, arrojando positivo para<br>marihuana, incaut\u00e1ndose la cantidad de 59 kilos con 80 gramos de marihuana.<br>Asimismo, en la oportunidad, se procedi\u00f3 a la demora de cinco personas, tres<br>hombres y dos mujeres y al secuestro preventivo de varias cosas como ser: balanza de<br>precisi\u00f3n, un arma de fuego, varios cartuchos, entre otras cosas.<br>Cabe se\u00f1alar, que el accionar desplegado estuvo supervisado por el propio Jefe<br>de Polic\u00eda de Corrientes Crio. Gral. Miguel \u00c1ngel Leguizam\u00f3n y el subjefe de Polic\u00eda<br>Crio. Gral. Walter Dar\u00edo Aceval.<br>Los demorados, juntamente con la sustancia incautada y todo lo secuestrado,<br>fueron puestos a disposici\u00f3n de la autoridad judicial correspondientes mientras que, al<br>respecto, se prosiguen con las diligencias y tramites del caso.<\/p>\n\n\n\n<figure class=\"wp-block-image size-large\"><img loading=\"lazy\" decoding=\"async\" width=\"758\" height=\"1024\" src=\"https:\/\/corrientesdetarde.com\/wp-content\/uploads\/2024\/08\/grim-I-05-08-1-758x1024.jpeg\" alt=\"\" class=\"wp-image-157247\" srcset=\"https:\/\/corrientesdetarde.com\/wp-content\/uploads\/2024\/08\/grim-I-05-08-1-758x1024.jpeg 758w, https:\/\/corrientesdetarde.com\/wp-content\/uploads\/2024\/08\/grim-I-05-08-1-222x300.jpeg 222w, https:\/\/corrientesdetarde.com\/wp-content\/uploads\/2024\/08\/grim-I-05-08-1-768x1038.jpeg 768w, https:\/\/corrientesdetarde.com\/wp-content\/uploads\/2024\/08\/grim-I-05-08-1.jpeg 947w\" sizes=\"auto, (max-width: 758px) 100vw, 758px\" \/><\/figure>\n\n\n\n<figure class=\"wp-block-image size-large\"><img loading=\"lazy\" decoding=\"async\" width=\"1024\" height=\"768\" src=\"https:\/\/corrientesdetarde.com\/wp-content\/uploads\/2024\/08\/barrio-banado-norte-4-1024x768.jpeg\" alt=\"\" class=\"wp-image-157250\" srcset=\"https:\/\/corrientesdetarde.com\/wp-content\/uploads\/2024\/08\/barrio-banado-norte-4-1024x768.jpeg 1024w, https:\/\/corrientesdetarde.com\/wp-content\/uploads\/2024\/08\/barrio-banado-norte-4-300x225.jpeg 300w, https:\/\/corrientesdetarde.com\/wp-content\/uploads\/2024\/08\/barrio-banado-norte-4-768x576.jpeg 768w, https:\/\/corrientesdetarde.com\/wp-content\/uploads\/2024\/08\/barrio-banado-norte-4-1536x1152.jpeg 1536w, https:\/\/corrientesdetarde.com\/wp-content\/uploads\/2024\/08\/barrio-banado-norte-4.jpeg 1600w\" sizes=\"auto, (max-width: 1024px) 100vw, 1024px\" \/><\/figure>\n\n\n\n<figure class=\"wp-block-image size-large\"><img loading=\"lazy\" decoding=\"async\" width=\"1024\" height=\"768\" src=\"https:\/\/corrientesdetarde.com\/wp-content\/uploads\/2024\/08\/barrio-banado-norte-3-1024x768.jpeg\" alt=\"\" class=\"wp-image-157251\" srcset=\"https:\/\/corrientesdetarde.com\/wp-content\/uploads\/2024\/08\/barrio-banado-norte-3-1024x768.jpeg 1024w, https:\/\/corrientesdetarde.com\/wp-content\/uploads\/2024\/08\/barrio-banado-norte-3-300x225.jpeg 300w, https:\/\/corrientesdetarde.com\/wp-content\/uploads\/2024\/08\/barrio-banado-norte-3-768x576.jpeg 768w, https:\/\/corrientesdetarde.com\/wp-content\/uploads\/2024\/08\/barrio-banado-norte-3-1536x1152.jpeg 1536w, https:\/\/corrientesdetarde.com\/wp-content\/uploads\/2024\/08\/barrio-banado-norte-3.jpeg 1600w\" sizes=\"auto, (max-width: 1024px) 100vw, 1024px\" \/><\/figure>\n\n\n\n<figure class=\"wp-block-image size-large\"><img loading=\"lazy\" decoding=\"async\" width=\"768\" height=\"1024\" src=\"https:\/\/corrientesdetarde.com\/wp-content\/uploads\/2024\/08\/barrio-banado-norte-1-768x1024.jpeg\" alt=\"\" class=\"wp-image-157248\" srcset=\"https:\/\/corrientesdetarde.com\/wp-content\/uploads\/2024\/08\/barrio-banado-norte-1-768x1024.jpeg 768w, https:\/\/corrientesdetarde.com\/wp-content\/uploads\/2024\/08\/barrio-banado-norte-1-225x300.jpeg 225w, https:\/\/corrientesdetarde.com\/wp-content\/uploads\/2024\/08\/barrio-banado-norte-1-1152x1536.jpeg 1152w, https:\/\/corrientesdetarde.com\/wp-content\/uploads\/2024\/08\/barrio-banado-norte-1.jpeg 1200w\" sizes=\"auto, (max-width: 768px) 100vw, 768px\" \/><\/figure>\n\n\n\n<figure class=\"wp-block-image size-large\"><img loading=\"lazy\" decoding=\"async\" width=\"1024\" height=\"768\" src=\"https:\/\/corrientesdetarde.com\/wp-content\/uploads\/2024\/08\/barrio-banado-norte-5-1024x768.jpeg\" alt=\"\" class=\"wp-image-157249\" srcset=\"https:\/\/corrientesdetarde.com\/wp-content\/uploads\/2024\/08\/barrio-banado-norte-5-1024x768.jpeg 1024w, https:\/\/corrientesdetarde.com\/wp-content\/uploads\/2024\/08\/barrio-banado-norte-5-300x225.jpeg 300w, https:\/\/corrientesdetarde.com\/wp-content\/uploads\/2024\/08\/barrio-banado-norte-5-768x576.jpeg 768w, https:\/\/corrientesdetarde.com\/wp-content\/uploads\/2024\/08\/barrio-banado-norte-5-1536x1152.jpeg 1536w, https:\/\/corrientesdetarde.com\/wp-content\/uploads\/2024\/08\/barrio-banado-norte-5.jpeg 1600w\" sizes=\"auto, (max-width: 1024px) 100vw, 1024px\" \/><\/figure>\n","protected":false},"excerpt":{"rendered":"<p>En horas de la ma\u00f1ana de hoy 05-08-24, Efectivos Policiales de la Comisar\u00eda 6\u00baUrbana y con la cobertura de seguridad de Polic\u00edas de las Divisiones P.A.R. e Infanter\u00eda, en colaboraci\u00f3n&hellip; <\/p>\n","protected":false},"author":8,"featured_media":157251,"comment_status":"closed","ping_status":"open","sticky":false,"template":"","format":"standard","meta":{"footnotes":""},"categories":[5],"tags":[],"class_list":["post-157245","post","type-post","status-publish","format-standard","has-post-thumbnail","hentry","category-crimen-y-justicia"],"_links":{"self":[{"href":"https:\/\/corrientesdetarde.com\/index.php\/wp-json\/wp\/v2\/posts\/157245","targetHints":{"allow":["GET"]}}],"collection":[{"href":"https:\/\/corrientesdetarde.com\/index.php\/wp-json\/wp\/v2\/posts"}],"about":[{"href":"https:\/\/corrientesdetarde.com\/index.php\/wp-json\/wp\/v2\/types\/post"}],"author":[{"embeddable":true,"href":"https:\/\/corrientesdetarde.com\/index.php\/wp-json\/wp\/v2\/users\/8"}],"replies":[{"embeddable":true,"href":"https:\/\/corrientesdetarde.com\/index.php\/wp-json\/wp\/v2\/comments?post=157245"}],"version-history":[{"count":1,"href":"https:\/\/corrientesdetarde.com\/index.php\/wp-json\/wp\/v2\/posts\/157245\/revisions"}],"predecessor-version":[{"id":157252,"href":"https:\/\/corrientesdetarde.com\/index.php\/wp-json\/wp\/v2\/posts\/157245\/revisions\/157252"}],"wp:featuredmedia":[{"embeddable":true,"href":"https:\/\/corrientesdetarde.com\/index.php\/wp-json\/wp\/v2\/media\/157251"}],"wp:attachment":[{"href":"https:\/\/corrientesdetarde.com\/index.php\/wp-json\/wp\/v2\/media?parent=157245"}],"wp:term":[{"taxonomy":"category","embeddable":true,"href":"https:\/\/corrientesdetarde.com\/index.php\/wp-json\/wp\/v2\/categories?post=157245"},{"taxonomy":"post_tag","embeddable":true,"href":"https:\/\/corrientesdetarde.com\/index.php\/wp-json\/wp\/v2\/tags?post=157245"}],"curies":[{"name":"wp","href":"https:\/\/api.w.org\/{rel}","templated":true}]}}