{"id":157270,"date":"2024-08-05T13:56:06","date_gmt":"2024-08-05T16:56:06","guid":{"rendered":"https:\/\/corrientesdetarde.com\/?p=157270"},"modified":"2024-08-05T13:56:18","modified_gmt":"2024-08-05T16:56:18","slug":"juegos-correntinos-2024-a-pleno-se-juegan-instancias-zonales-en-toda-la-provincia","status":"publish","type":"post","link":"https:\/\/corrientesdetarde.com\/index.php\/deportes\/juegos-correntinos-2024-a-pleno-se-juegan-instancias-zonales-en-toda-la-provincia\/","title":{"rendered":"\u201cJuegos Correntinos 2024\u201d: A pleno se juegan instancias zonales en toda la provincia"},"content":{"rendered":"\n<p>Bajo la coordinaci\u00f3n de la Secretar\u00eda de Deportes de la Provincia y con la articulaci\u00f3n de las \u00e1reas de deportes municipales, se desarrollan desde el mes de junio pasado, las instancias zonales de los Juegos Correntinos 2024, clasificatorios a los Nacionales de Mar del Plata.<\/p>\n\n\n\n<p>Con marcado n\u00famero de participantes, recientemente tuvo lugar en la ciudad de Ituzaing\u00f3 la fase Zonal 4 de las disciplinas: hockey, b\u00e1squet, f\u00fatbol, v\u00f3ley, handball, handball de playa, y actividades para adultos mayores en newcom, tejo, sapo y truco.<\/p>\n\n\n\n<p>En tanto, Mocoret\u00e1 fue sede del zonal de v\u00f3ley sub17; mientras que en Monte Caseros se jug\u00f3 al v\u00f3ley sub15, handball y f\u00fatbol sub16 masculino y femenino. Y para \u00e9ste martes 6 de agosto, en Capital, se juegan los zonales de hockey (Club Aranduroga) y voley (Secretar\u00eda de Deportes) correspondientes a la zona 6.<\/p>\n\n\n\n<p>De esta manera, la Secretar\u00eda de Deportes contin\u00faa a paso firme desarrollando los diferentes zonales a lo largo y ancho del territorio provincial, estando dividida Corrientes en 6 zonas geogr\u00e1ficas para estos Juegos.<\/p>\n\n\n\n<p>Tambi\u00e9n se destaca el fuerte apoyo a estos juegos por parte del Gobierno de la Provincia, sumado al trabajo articulado con las comunas. \u201cPara la gesti\u00f3n del Gobernador Gustavo Vald\u00e9s, el Deporte es Pol\u00edtica de Estado\u201d, resalt\u00f3 el Secretario de Deportes, Jorge Terrile.&nbsp; &nbsp;&nbsp;<\/p>\n\n\n\n<figure class=\"wp-block-image size-large\"><img loading=\"lazy\" decoding=\"async\" width=\"1024\" height=\"729\" src=\"https:\/\/corrientesdetarde.com\/wp-content\/uploads\/2024\/08\/image-116-1024x729.png\" alt=\"\" class=\"wp-image-157271\" srcset=\"https:\/\/corrientesdetarde.com\/wp-content\/uploads\/2024\/08\/image-116-1024x729.png 1024w, https:\/\/corrientesdetarde.com\/wp-content\/uploads\/2024\/08\/image-116-300x214.png 300w, https:\/\/corrientesdetarde.com\/wp-content\/uploads\/2024\/08\/image-116-768x547.png 768w, https:\/\/corrientesdetarde.com\/wp-content\/uploads\/2024\/08\/image-116.png 1209w\" sizes=\"auto, (max-width: 1024px) 100vw, 1024px\" \/><\/figure>\n\n\n\n<figure class=\"wp-block-image size-large\"><img loading=\"lazy\" decoding=\"async\" width=\"1024\" height=\"683\" src=\"https:\/\/corrientesdetarde.com\/wp-content\/uploads\/2024\/08\/image-117-1024x683.png\" alt=\"\" class=\"wp-image-157272\" srcset=\"https:\/\/corrientesdetarde.com\/wp-content\/uploads\/2024\/08\/image-117-1024x683.png 1024w, https:\/\/corrientesdetarde.com\/wp-content\/uploads\/2024\/08\/image-117-300x200.png 300w, https:\/\/corrientesdetarde.com\/wp-content\/uploads\/2024\/08\/image-117-768x512.png 768w, https:\/\/corrientesdetarde.com\/wp-content\/uploads\/2024\/08\/image-117-1536x1024.png 1536w, https:\/\/corrientesdetarde.com\/wp-content\/uploads\/2024\/08\/image-117.png 1599w\" sizes=\"auto, (max-width: 1024px) 100vw, 1024px\" \/><\/figure>\n\n\n\n<figure class=\"wp-block-image size-large\"><img loading=\"lazy\" decoding=\"async\" width=\"1024\" height=\"682\" src=\"https:\/\/corrientesdetarde.com\/wp-content\/uploads\/2024\/08\/image-119-1024x682.png\" alt=\"\" class=\"wp-image-157274\" srcset=\"https:\/\/corrientesdetarde.com\/wp-content\/uploads\/2024\/08\/image-119-1024x682.png 1024w, https:\/\/corrientesdetarde.com\/wp-content\/uploads\/2024\/08\/image-119-300x200.png 300w, https:\/\/corrientesdetarde.com\/wp-content\/uploads\/2024\/08\/image-119-768x512.png 768w, https:\/\/corrientesdetarde.com\/wp-content\/uploads\/2024\/08\/image-119-1536x1023.png 1536w, https:\/\/corrientesdetarde.com\/wp-content\/uploads\/2024\/08\/image-119.png 1600w\" sizes=\"auto, (max-width: 1024px) 100vw, 1024px\" \/><\/figure>\n","protected":false},"excerpt":{"rendered":"<p>Bajo la coordinaci\u00f3n de la Secretar\u00eda de Deportes de la Provincia y con la articulaci\u00f3n de las \u00e1reas de deportes municipales, se desarrollan desde el mes de junio pasado, las&hellip; <\/p>\n","protected":false},"author":8,"featured_media":157273,"comment_status":"closed","ping_status":"open","sticky":false,"template":"","format":"standard","meta":{"footnotes":""},"categories":[4],"tags":[],"class_list":["post-157270","post","type-post","status-publish","format-standard","has-post-thumbnail","hentry","category-deportes"],"_links":{"self":[{"href":"https:\/\/corrientesdetarde.com\/index.php\/wp-json\/wp\/v2\/posts\/157270","targetHints":{"allow":["GET"]}}],"collection":[{"href":"https:\/\/corrientesdetarde.com\/index.php\/wp-json\/wp\/v2\/posts"}],"about":[{"href":"https:\/\/corrientesdetarde.com\/index.php\/wp-json\/wp\/v2\/types\/post"}],"author":[{"embeddable":true,"href":"https:\/\/corrientesdetarde.com\/index.php\/wp-json\/wp\/v2\/users\/8"}],"replies":[{"embeddable":true,"href":"https:\/\/corrientesdetarde.com\/index.php\/wp-json\/wp\/v2\/comments?post=157270"}],"version-history":[{"count":1,"href":"https:\/\/corrientesdetarde.com\/index.php\/wp-json\/wp\/v2\/posts\/157270\/revisions"}],"predecessor-version":[{"id":157275,"href":"https:\/\/corrientesdetarde.com\/index.php\/wp-json\/wp\/v2\/posts\/157270\/revisions\/157275"}],"wp:featuredmedia":[{"embeddable":true,"href":"https:\/\/corrientesdetarde.com\/index.php\/wp-json\/wp\/v2\/media\/157273"}],"wp:attachment":[{"href":"https:\/\/corrientesdetarde.com\/index.php\/wp-json\/wp\/v2\/media?parent=157270"}],"wp:term":[{"taxonomy":"category","embeddable":true,"href":"https:\/\/corrientesdetarde.com\/index.php\/wp-json\/wp\/v2\/categories?post=157270"},{"taxonomy":"post_tag","embeddable":true,"href":"https:\/\/corrientesdetarde.com\/index.php\/wp-json\/wp\/v2\/tags?post=157270"}],"curies":[{"name":"wp","href":"https:\/\/api.w.org\/{rel}","templated":true}]}}