{"id":157276,"date":"2024-08-05T13:59:28","date_gmt":"2024-08-05T16:59:28","guid":{"rendered":"https:\/\/corrientesdetarde.com\/?p=157276"},"modified":"2024-08-05T13:59:34","modified_gmt":"2024-08-05T16:59:34","slug":"valdes-mostro-los-avances-de-la-unidad-un-polo-de-desarrollo-para-que-corrientes-sea-la-mejor-ciudad-del-norte-argentino","status":"publish","type":"post","link":"https:\/\/corrientesdetarde.com\/index.php\/locales\/valdes-mostro-los-avances-de-la-unidad-un-polo-de-desarrollo-para-que-corrientes-sea-la-mejor-ciudad-del-norte-argentino\/","title":{"rendered":"Vald\u00e9s mostr\u00f3 los avances de La Unidad: \u201cUn polo de desarrollo para que Corrientes sea la mejor ciudad del norte argentino\u201d"},"content":{"rendered":"\n<p>El gobernador Gustavo Vald\u00e9s public\u00f3 este lunes un video en sus redes sociales mostrando los avances de obra en el proyecto que se ejecuta en la ex c\u00e1rcel de la capital provincial. \u201cLa Unidad: 18.000 m\u00b2 que estamos reconvirtiendo en un polo de desarrollo para que Corrientes sea la mejor ciudad del norte argentino\u201d, poste\u00f3 en X junto a im\u00e1genes que evidencian los trabajos en el lugar&nbsp; con el fin de converger historia, cultura, gastronom\u00eda, comercio, ciencia e innovaci\u00f3n en un moderno espacio.<\/p>\n\n\n\n<p>Las im\u00e1genes fueron registradas la semana pasada durante una recorrida que el Gobernador realiz\u00f3 junto al ministro Secretario General, Carlos Vignolo y el decano de la Facultad de Artes de la Universidad Nacional del Nordeste (UNNE), Gabriel Romero, entre otros funcionarios. De ese modo, observaron y escucharon las explicaciones de los distintos responsables t\u00e9cnicos de esta obra de gran magnitud frente a la explanada del Puente Interprovincial Manuel General Belgrano.<\/p>\n\n\n\n<p>\u201cEstamos ac\u00e1 en un predio que es muy conocido por todos y que ahora es La Unidad. \u201cEstamos combinando lo que es cultura y tradici\u00f3n\u201d, afirm\u00f3 en el mencionado video sobre los trabajos destinados a un centro gastron\u00f3mico refuncionalizando el edificio hist\u00f3rico de la ex c\u00e1rcel, sumado a modernos edificios que ser\u00e1n un centro tecnol\u00f3gico y un paseo de compras. Asimismo, asegur\u00f3 al respecto que \u201cestamos recuperando 18 mil metros cuadrados para que Corrientes sea la mejor ciudad del Norte\u201d.<\/p>\n\n\n\n<p>Durante esta recorrida, en otras declaraciones, Vald\u00e9s destac\u00f3 que \u201cantes, con mucho esfuerzo, tuvimos que construir la c\u00e1rcel nueva en San Cayetano para poder refuncionalizar este nuevo espacio, as\u00ed es que la nueva Unidad Penal N\u00ba 1 es ahora un establecimiento de m\u00e1xima seguridad con toda la infraestructura necesaria para la reinserci\u00f3n social de los detenidos, pero tambi\u00e9n pudimos aprovechar este espacio para la utilizaci\u00f3n de todos los correntinos poniendo a la ciudad y a la provincia entre las m\u00e1s avanzadas de toda la regi\u00f3n\u201d.<\/p>\n\n\n\n<p>Consider\u00f3 que \u201cesto permite que Corrientes sea la gran sede del Norte, que muchos turistas puedan venir a una zona donde tambi\u00e9n se est\u00e1 desarrollando nueva infraestructura hotelera como en la Costanera Sur, y conjugado con los Esteros del Iber\u00e1 y el r\u00edo Paran\u00e1 como grandes atractivos tur\u00edsticos, nos va a dar mucha potencialidad para el desarrollo socioecon\u00f3mico de toda la poblaci\u00f3n. Eso nos pone muy contentos, porque el comercio y los servicios tendr\u00e1n m\u00e1s demanda, sumado a la gran apuesta del Centro Tecnol\u00f3gico, donde toda la industria del software tendr\u00e1 un lugar para desenvolverse y de este modo tambi\u00e9n generar m\u00e1s empleos de calidad\u201d.<\/p>\n\n\n\n<p>Por su parte, el arquitecto Gabriel Romero, quien asesor\u00f3 el proyecto en lo que respecta a la conservaci\u00f3n del patrimonio cultural, se\u00f1al\u00f3, durante esta recorrida junto a Vald\u00e9s, que \u201cesta es sin dudas una de las obras m\u00e1s grandes que se est\u00e1n desarrollando en el Norte argentino y tiene que ver con esta posibilidad de articular una obra patrimonial con obra contempor\u00e1nea. En este sentido, resalt\u00f3 la importancia del edificio hist\u00f3rico por tratarse de \u201cuna gran obra de un arquitecto como lo fue Juan Coll\u201d, siendo de finales del siglo XIX, la cual \u201cmarca de alguna manera el paisaje urbano de la ciudad\u201d. Vale recordar que el arquitecto Coll fue el autor de la Casa de Gobierno de Corrientes, entre otros edificios destacados.<\/p>\n\n\n\n<p>\u201cLa intervenci\u00f3n en este edificio de la ex C\u00e1rcel tiene que ver con el compromiso patrimonial del Gobierno provincial a la hora de abordar la obra. La parte patrimonial tiene, b\u00e1sicamente, dos grandes conjuntos, por un lado, lo que se despliega sobre la avenida 3&nbsp; de Abril (fachada) y el pan\u00f3ptico central en el que se van a combinar un museo vinculado a la c\u00e1rcel con un centro de interpretaci\u00f3n que presentar\u00e1 diversos atractivos vinculados lo que fue la c\u00e1rcel como as\u00ed tambi\u00e9n la historia y la ciencia de la provincia de Corrientes\u201d, explic\u00f3 Romero.<\/p>\n\n\n\n<p>Indic\u00f3 que \u201cpara ello aqu\u00ed hubo un equipo trabajando sobre cuestiones hist\u00f3ricas, arqueol\u00f3gicas y documentales, ya que hay un conjunto de fotograf\u00edas hist\u00f3ricas que nos permitieron recrear c\u00f3mo fue el edificio y a partir de all\u00ed se hizo un trabajo inicial de preservar algunos aspectos en la estructura y cubierta. Entonces a eso le empezamos a incorporar lo atinente al confort arquitect\u00f3nico de los tiempos actuales\u201d.<\/p>\n\n\n\n<p>En este sentido, el ex presidente del Instituto de Cultura de Corrientes y recientemente electo decano de la Facultad de Artes de la UNNE, sostuvo que \u201cel desaf\u00edo fue combinar lo hist\u00f3rico con lo nuevo y ahora ya estamos en una etapa final: ya se recuperaron las cubiertas, los solados, los muros, el edificio est\u00e1 estable y funcionando desde el punto de vista arquitect\u00f3nico. A partir de all\u00ed se est\u00e1 trabajando en los diferentes espacios que luego ser\u00e1 el Paseo Gastron\u00f3mico (sobre avenida 3 de Abril), por un lado, y por otro, el Museo y Centro de Interpretaci\u00f3n (en la zona central del predio)\u201d.<\/p>\n\n\n\n<p>Tras la observaci\u00f3n, Romero estim\u00f3 que en estos sectores, las obras alcanzan ya alrededor del 50 por ciento de los trabajos contemplados en el proyecto, como as\u00ed tambi\u00e9n en lo que ser\u00e1 el Paseo de Compras, donde se complet\u00f3 la construcci\u00f3n de las estructuras, mientras que en el Centro Tecnol\u00f3gico, las tareas est\u00e1n en su etapa inicial, trabajando sobre las bases y \u00e1reas subterr\u00e1neas.<\/p>\n\n\n\n<p>Finalmente sostuvo que con esta obra de gran envergadura \u201cpasamos de un conjunto cerrado y oscuro a un espacio abierto y transparente que se recupera para la ciudad, incorporando aspectos del entorno inmediato y por su ubicaci\u00f3n ser\u00e1 una importante bienvenida para quienes lleguen desde el Puente General Belgrano\u201d.<\/p>\n\n\n\n<figure class=\"wp-block-image size-large\"><img loading=\"lazy\" decoding=\"async\" width=\"1024\" height=\"682\" src=\"https:\/\/corrientesdetarde.com\/wp-content\/uploads\/2024\/08\/image-120-1024x682.png\" alt=\"\" class=\"wp-image-157277\" srcset=\"https:\/\/corrientesdetarde.com\/wp-content\/uploads\/2024\/08\/image-120-1024x682.png 1024w, https:\/\/corrientesdetarde.com\/wp-content\/uploads\/2024\/08\/image-120-300x200.png 300w, https:\/\/corrientesdetarde.com\/wp-content\/uploads\/2024\/08\/image-120-768x512.png 768w, https:\/\/corrientesdetarde.com\/wp-content\/uploads\/2024\/08\/image-120-1536x1023.png 1536w, https:\/\/corrientesdetarde.com\/wp-content\/uploads\/2024\/08\/image-120.png 1600w\" sizes=\"auto, (max-width: 1024px) 100vw, 1024px\" \/><\/figure>\n\n\n\n<figure class=\"wp-block-image size-large\"><img loading=\"lazy\" decoding=\"async\" width=\"1024\" height=\"682\" src=\"https:\/\/corrientesdetarde.com\/wp-content\/uploads\/2024\/08\/image-121-1024x682.png\" alt=\"\" class=\"wp-image-157278\" srcset=\"https:\/\/corrientesdetarde.com\/wp-content\/uploads\/2024\/08\/image-121-1024x682.png 1024w, https:\/\/corrientesdetarde.com\/wp-content\/uploads\/2024\/08\/image-121-300x200.png 300w, https:\/\/corrientesdetarde.com\/wp-content\/uploads\/2024\/08\/image-121-768x512.png 768w, https:\/\/corrientesdetarde.com\/wp-content\/uploads\/2024\/08\/image-121-1536x1023.png 1536w, https:\/\/corrientesdetarde.com\/wp-content\/uploads\/2024\/08\/image-121.png 1600w\" sizes=\"auto, (max-width: 1024px) 100vw, 1024px\" \/><\/figure>\n\n\n\n<figure class=\"wp-block-image size-large\"><img loading=\"lazy\" decoding=\"async\" width=\"1024\" height=\"682\" src=\"https:\/\/corrientesdetarde.com\/wp-content\/uploads\/2024\/08\/image-122-1024x682.png\" alt=\"\" class=\"wp-image-157279\" srcset=\"https:\/\/corrientesdetarde.com\/wp-content\/uploads\/2024\/08\/image-122-1024x682.png 1024w, https:\/\/corrientesdetarde.com\/wp-content\/uploads\/2024\/08\/image-122-300x200.png 300w, https:\/\/corrientesdetarde.com\/wp-content\/uploads\/2024\/08\/image-122-768x512.png 768w, https:\/\/corrientesdetarde.com\/wp-content\/uploads\/2024\/08\/image-122-1536x1023.png 1536w, https:\/\/corrientesdetarde.com\/wp-content\/uploads\/2024\/08\/image-122.png 1600w\" sizes=\"auto, (max-width: 1024px) 100vw, 1024px\" \/><\/figure>\n\n\n\n<figure class=\"wp-block-image size-large\"><img loading=\"lazy\" decoding=\"async\" width=\"1024\" height=\"682\" src=\"https:\/\/corrientesdetarde.com\/wp-content\/uploads\/2024\/08\/image-124-1024x682.png\" alt=\"\" class=\"wp-image-157281\" srcset=\"https:\/\/corrientesdetarde.com\/wp-content\/uploads\/2024\/08\/image-124-1024x682.png 1024w, https:\/\/corrientesdetarde.com\/wp-content\/uploads\/2024\/08\/image-124-300x200.png 300w, https:\/\/corrientesdetarde.com\/wp-content\/uploads\/2024\/08\/image-124-768x512.png 768w, https:\/\/corrientesdetarde.com\/wp-content\/uploads\/2024\/08\/image-124-1536x1023.png 1536w, https:\/\/corrientesdetarde.com\/wp-content\/uploads\/2024\/08\/image-124.png 1600w\" sizes=\"auto, (max-width: 1024px) 100vw, 1024px\" \/><\/figure>\n\n\n\n<figure class=\"wp-block-image size-large\"><img loading=\"lazy\" decoding=\"async\" width=\"1024\" height=\"682\" src=\"https:\/\/corrientesdetarde.com\/wp-content\/uploads\/2024\/08\/image-125-1024x682.png\" alt=\"\" class=\"wp-image-157282\" srcset=\"https:\/\/corrientesdetarde.com\/wp-content\/uploads\/2024\/08\/image-125-1024x682.png 1024w, https:\/\/corrientesdetarde.com\/wp-content\/uploads\/2024\/08\/image-125-300x200.png 300w, https:\/\/corrientesdetarde.com\/wp-content\/uploads\/2024\/08\/image-125-768x512.png 768w, https:\/\/corrientesdetarde.com\/wp-content\/uploads\/2024\/08\/image-125-1536x1023.png 1536w, https:\/\/corrientesdetarde.com\/wp-content\/uploads\/2024\/08\/image-125.png 1600w\" sizes=\"auto, (max-width: 1024px) 100vw, 1024px\" \/><\/figure>\n\n\n\n<figure class=\"wp-block-image size-large\"><img loading=\"lazy\" decoding=\"async\" width=\"1024\" height=\"682\" src=\"https:\/\/corrientesdetarde.com\/wp-content\/uploads\/2024\/08\/image-126-1024x682.png\" alt=\"\" class=\"wp-image-157283\" srcset=\"https:\/\/corrientesdetarde.com\/wp-content\/uploads\/2024\/08\/image-126-1024x682.png 1024w, https:\/\/corrientesdetarde.com\/wp-content\/uploads\/2024\/08\/image-126-300x200.png 300w, https:\/\/corrientesdetarde.com\/wp-content\/uploads\/2024\/08\/image-126-768x512.png 768w, https:\/\/corrientesdetarde.com\/wp-content\/uploads\/2024\/08\/image-126-1536x1023.png 1536w, https:\/\/corrientesdetarde.com\/wp-content\/uploads\/2024\/08\/image-126.png 1600w\" sizes=\"auto, (max-width: 1024px) 100vw, 1024px\" \/><\/figure>\n","protected":false},"excerpt":{"rendered":"<p>El gobernador Gustavo Vald\u00e9s public\u00f3 este lunes un video en sus redes sociales mostrando los avances de obra en el proyecto que se ejecuta en la ex c\u00e1rcel de la&hellip; <\/p>\n","protected":false},"author":8,"featured_media":157280,"comment_status":"closed","ping_status":"open","sticky":false,"template":"","format":"standard","meta":{"footnotes":""},"categories":[8],"tags":[],"class_list":["post-157276","post","type-post","status-publish","format-standard","has-post-thumbnail","hentry","category-locales"],"_links":{"self":[{"href":"https:\/\/corrientesdetarde.com\/index.php\/wp-json\/wp\/v2\/posts\/157276","targetHints":{"allow":["GET"]}}],"collection":[{"href":"https:\/\/corrientesdetarde.com\/index.php\/wp-json\/wp\/v2\/posts"}],"about":[{"href":"https:\/\/corrientesdetarde.com\/index.php\/wp-json\/wp\/v2\/types\/post"}],"author":[{"embeddable":true,"href":"https:\/\/corrientesdetarde.com\/index.php\/wp-json\/wp\/v2\/users\/8"}],"replies":[{"embeddable":true,"href":"https:\/\/corrientesdetarde.com\/index.php\/wp-json\/wp\/v2\/comments?post=157276"}],"version-history":[{"count":1,"href":"https:\/\/corrientesdetarde.com\/index.php\/wp-json\/wp\/v2\/posts\/157276\/revisions"}],"predecessor-version":[{"id":157284,"href":"https:\/\/corrientesdetarde.com\/index.php\/wp-json\/wp\/v2\/posts\/157276\/revisions\/157284"}],"wp:featuredmedia":[{"embeddable":true,"href":"https:\/\/corrientesdetarde.com\/index.php\/wp-json\/wp\/v2\/media\/157280"}],"wp:attachment":[{"href":"https:\/\/corrientesdetarde.com\/index.php\/wp-json\/wp\/v2\/media?parent=157276"}],"wp:term":[{"taxonomy":"category","embeddable":true,"href":"https:\/\/corrientesdetarde.com\/index.php\/wp-json\/wp\/v2\/categories?post=157276"},{"taxonomy":"post_tag","embeddable":true,"href":"https:\/\/corrientesdetarde.com\/index.php\/wp-json\/wp\/v2\/tags?post=157276"}],"curies":[{"name":"wp","href":"https:\/\/api.w.org\/{rel}","templated":true}]}}