{"id":157461,"date":"2024-08-06T09:19:43","date_gmt":"2024-08-06T12:19:43","guid":{"rendered":"https:\/\/corrientesdetarde.com\/?p=157461"},"modified":"2024-08-06T09:19:55","modified_gmt":"2024-08-06T12:19:55","slug":"susana-gimenez-emocionada-por-su-regreso-a-la-tv-me-pone-de-buen-humor","status":"publish","type":"post","link":"https:\/\/corrientesdetarde.com\/index.php\/espectaculos\/susana-gimenez-emocionada-por-su-regreso-a-la-tv-me-pone-de-buen-humor\/","title":{"rendered":"Susana Gim\u00e9nez, emocionada por su regreso a la TV: &#8220;Me pone de buen humor&#8221;"},"content":{"rendered":"\n<p>La conductora regres\u00f3 al pa\u00eds desde Uruguay y prepara los \u00faltimos detalles para su vuelta a la pantalla chica.<\/p>\n\n\n\n<p>La ic\u00f3nica conductora de Telefe,&nbsp;<strong>Susana Gim\u00e9nez,<\/strong>&nbsp;regres\u00f3 al pa\u00eds para ultimar los detalles de su esperada vuelta a la pantalla chica y se prepara para su nueva etapa televisiva.<\/p>\n\n\n\n<p>La diva lleg\u00f3 con un look total black, cartera animal print y unos anteojos de sol al Aeropuerto de San Fernando desde Punta del Este y le coment\u00f3 a la prensa que\u00a0<strong>Antonio Laje<\/strong>\u00a0fue su piloto y que eso le transmiti\u00f3\u00a0<strong>\u201c<\/strong><em><strong>mucha confianza\u201d: \u201cSiempre charlamos y nos re\u00edmos durante la espera a volar\u201d<\/strong>,<\/em>\u00a0expres\u00f3.\u00a0<\/p>\n\n\n\n<figure class=\"wp-block-image size-full\"><img loading=\"lazy\" decoding=\"async\" width=\"784\" height=\"473\" src=\"https:\/\/corrientesdetarde.com\/wp-content\/uploads\/2024\/08\/image-166.png\" alt=\"\" class=\"wp-image-157462\" srcset=\"https:\/\/corrientesdetarde.com\/wp-content\/uploads\/2024\/08\/image-166.png 784w, https:\/\/corrientesdetarde.com\/wp-content\/uploads\/2024\/08\/image-166-300x181.png 300w, https:\/\/corrientesdetarde.com\/wp-content\/uploads\/2024\/08\/image-166-768x463.png 768w\" sizes=\"auto, (max-width: 784px) 100vw, 784px\" \/><\/figure>\n\n\n\n<p>La conductora manifest\u00f3 su alegr\u00eda con su vuelta y cont\u00f3 que en 10 d\u00edas filmar\u00e1 un sketch:<strong>&nbsp;\u201c<\/strong><em><strong>Me pone muy de buen humor<\/strong><\/em><strong>\u201d,<\/strong>&nbsp;y agreg\u00f3 que tambi\u00e9n realizar\u00e1 un videoclip musical, como ya hizo en temporadas pasadas:&nbsp;<strong>\u201c<\/strong><em><strong>Ojal\u00e1 salga como el de \u2018Soy una mujer\u2019 que hab\u00eda filmado para el programa semanal en la d\u00e9cada pasada\u201d.<\/strong><\/em><\/p>\n\n\n\n<p>La vuelta de&nbsp;<strong>Su&nbsp;<\/strong>a la pantalla de&nbsp;<em>Telefe&nbsp;<\/em>cuenta con el regreso de&nbsp;<strong>Marcelo Iripino,&nbsp;<\/strong>el m\u00edtico core\u00f3grafo y showman de la rubia, quien tambi\u00e9n adelant\u00f3 un poco de lo que se viene en este nuevo ciclo:&nbsp;\u201c<em>Ya tengo todas las ideas y las canciones, que tendr\u00eda que chequear ella porque todo tiene que ver con su estilo. Y bueno, yo que soy m\u00e1s de que&nbsp;<strong>me gusta todo lo moderno, hice una mezcla,<\/strong>&nbsp;pero eso lo tenemos que definir, hablar con el canal.\u201d<\/em><\/p>\n\n\n\n<p>Susana se refiri\u00f3 a la reuni\u00f3n que mantuvo con las autoridades del canal de las pelotas,\u00a0<strong>Dar\u00edo Turovelzky, Guillermo Pendino y Federino Levrino\u00a0<\/strong>del pasado mes de mayo:\u00a0<strong>\u201c<\/strong><em><strong>Contenta, y todo lo que me han contado me ha gustado much\u00edsimo. Fue fabuloso todo lo que hablamos y yo creo que la tele tiene que volver a brillar\u201d<\/strong><\/em><strong>,\u00a0<\/strong>manifest\u00f3.<\/p>\n\n\n\n<figure class=\"wp-block-image size-full\"><img loading=\"lazy\" decoding=\"async\" width=\"780\" height=\"470\" src=\"https:\/\/corrientesdetarde.com\/wp-content\/uploads\/2024\/08\/image-167.png\" alt=\"\" class=\"wp-image-157463\" srcset=\"https:\/\/corrientesdetarde.com\/wp-content\/uploads\/2024\/08\/image-167.png 780w, https:\/\/corrientesdetarde.com\/wp-content\/uploads\/2024\/08\/image-167-300x181.png 300w, https:\/\/corrientesdetarde.com\/wp-content\/uploads\/2024\/08\/image-167-768x463.png 768w\" sizes=\"auto, (max-width: 780px) 100vw, 780px\" \/><\/figure>\n\n\n\n<p>Otra de las preguntas que le hizo la prensa fue sobre si asistir\u00eda a la ceremonia de los\u00a0<strong>Mart\u00edn Fierro 2024 del pr\u00f3ximo 9 de septiembre,<\/strong>\u00a0a lo que ella contest\u00f3 segura:\u00a0<strong>\u201cVoy a ir\u201d.\u00a0<\/strong><\/p>\n","protected":false},"excerpt":{"rendered":"<p>La conductora regres\u00f3 al pa\u00eds desde Uruguay y prepara los \u00faltimos detalles para su vuelta a la pantalla chica. La ic\u00f3nica conductora de Telefe,&nbsp;Susana Gim\u00e9nez,&nbsp;regres\u00f3 al pa\u00eds para ultimar los&hellip; <\/p>\n","protected":false},"author":4,"featured_media":157464,"comment_status":"closed","ping_status":"open","sticky":false,"template":"","format":"standard","meta":{"footnotes":""},"categories":[19],"tags":[],"class_list":["post-157461","post","type-post","status-publish","format-standard","has-post-thumbnail","hentry","category-espectaculos"],"_links":{"self":[{"href":"https:\/\/corrientesdetarde.com\/index.php\/wp-json\/wp\/v2\/posts\/157461","targetHints":{"allow":["GET"]}}],"collection":[{"href":"https:\/\/corrientesdetarde.com\/index.php\/wp-json\/wp\/v2\/posts"}],"about":[{"href":"https:\/\/corrientesdetarde.com\/index.php\/wp-json\/wp\/v2\/types\/post"}],"author":[{"embeddable":true,"href":"https:\/\/corrientesdetarde.com\/index.php\/wp-json\/wp\/v2\/users\/4"}],"replies":[{"embeddable":true,"href":"https:\/\/corrientesdetarde.com\/index.php\/wp-json\/wp\/v2\/comments?post=157461"}],"version-history":[{"count":1,"href":"https:\/\/corrientesdetarde.com\/index.php\/wp-json\/wp\/v2\/posts\/157461\/revisions"}],"predecessor-version":[{"id":157465,"href":"https:\/\/corrientesdetarde.com\/index.php\/wp-json\/wp\/v2\/posts\/157461\/revisions\/157465"}],"wp:featuredmedia":[{"embeddable":true,"href":"https:\/\/corrientesdetarde.com\/index.php\/wp-json\/wp\/v2\/media\/157464"}],"wp:attachment":[{"href":"https:\/\/corrientesdetarde.com\/index.php\/wp-json\/wp\/v2\/media?parent=157461"}],"wp:term":[{"taxonomy":"category","embeddable":true,"href":"https:\/\/corrientesdetarde.com\/index.php\/wp-json\/wp\/v2\/categories?post=157461"},{"taxonomy":"post_tag","embeddable":true,"href":"https:\/\/corrientesdetarde.com\/index.php\/wp-json\/wp\/v2\/tags?post=157461"}],"curies":[{"name":"wp","href":"https:\/\/api.w.org\/{rel}","templated":true}]}}