{"id":157466,"date":"2024-08-06T09:20:58","date_gmt":"2024-08-06T12:20:58","guid":{"rendered":"https:\/\/corrientesdetarde.com\/?p=157466"},"modified":"2024-08-06T09:21:02","modified_gmt":"2024-08-06T12:21:02","slug":"tomas-dente-cruzo-a-ximena-capristo-tras-acusarlo-de-trabajar-en-un-spa-gay","status":"publish","type":"post","link":"https:\/\/corrientesdetarde.com\/index.php\/espectaculos\/tomas-dente-cruzo-a-ximena-capristo-tras-acusarlo-de-trabajar-en-un-spa-gay\/","title":{"rendered":"Tom\u00e1s Dente cruz\u00f3 a Ximena Capristo tras acusarlo de trabajar en un &#8220;spa gay&#8221;"},"content":{"rendered":"\n<p>El conductor fue cr\u00edtico contra la panelista de LAM y revel\u00f3 intimidades sobre su familia.<\/p>\n\n\n\n<p><strong>Tom\u00e1s Dente&nbsp;<\/strong>estuvo en el ojo de la tormenta cuando en<em>&nbsp;LAM (Am\u00e9rica)<\/em>&nbsp;le dedicaron un segmento para recordar el episodio donde se vio involucrada&nbsp;<strong>Beatriz Salom\u00f3n&nbsp;<\/strong>en 2004. La panelista&nbsp;<strong>Ximena Capristo<\/strong>&nbsp;critic\u00f3 a Dente, lo acus\u00f3 de querer \u201cbrillar m\u00e1s que su hermano\u201d y revel\u00f3 que \u00e9l hab\u00eda trabajado en un \u201cspa gay\u201d donde realizaba &#8220;otras tareas&#8221;.<\/p>\n\n\n\n<p>El conductor fue contundente con la angelita de LAM y&nbsp;<strong>confes\u00f3 que \u00e9l la baj\u00f3 de<\/strong><em><strong>&nbsp;\u2018La tarde del 9\u2019<\/strong><\/em><strong>&nbsp;porque su participaci\u00f3n le parec\u00eda \u201cintrascendente<\/strong>\u201d y que ella no ten\u00eda nada importante para decir. Adem\u00e1s, comparti\u00f3 una informaci\u00f3n \u00edntima de Capristo previa al ingreso de esta en Gran Hermano.<\/p>\n\n\n\n<p><em>\u201cLa negra Capristo viv\u00eda en la calle Las Heras y Ayacucho con la mam\u00e1 y con la hermana. Lo que me contaron, porque&nbsp;tengo el testimonio de quien era encargado en ese momento, es que&nbsp;<strong>no las quer\u00edan&nbsp;<\/strong><strong>por sucias, por gritonas y por conventilleras<\/strong><strong>\u201d<\/strong><\/em>, cont\u00f3 e inform\u00f3 que las tres inquilinas se fueron debiendo un dineral de expensas.<\/p>\n\n\n\n<p><strong>\u201c<\/strong><em><strong>El encargado no las aguantaba m\u00e1s, los vecinos no las soportaban m\u00e1s\u2026 Las rajan del edificio o ellas, tal vez, motu proprio, deciden irse<\/strong>\u201d,<\/em>&nbsp;finaliz\u00f3.&nbsp;<\/p>\n\n\n\n<p>Como si no fuera poco, Dente tambi\u00e9n sac\u00f3 a la luz otro de los esc\u00e1ndalos que protagoniz\u00f3 la ex participante de Gran Hermano, el cual involucra a su madre y un programa de juegos en el canal de las pelotas.&nbsp;<\/p>\n\n\n\n<p><em>\u201cXimena era como la figurita del momento, reci\u00e9n egresada de Gran Hermano. \u00bfY a qui\u00e9n mete en la producci\u00f3n a trabajar? A la mam\u00e1\u201d<\/em>, record\u00f3 la \u00e9poca donde en los programas te \u201cllevabas un buen premio\u201d.<\/p>\n\n\n\n<p><em>\u201c<strong>La mam\u00e1, ladinamente, le cobraba a las personas que iban a participar un cachet&nbsp;<\/strong>y no solo eso, sino que<strong>&nbsp;se qued\u00f3 con el 50 por ciento del premio que gan\u00f3 una se\u00f1ora\u201d,<\/strong><\/em><strong>&nbsp;<\/strong>y anticip\u00f3 que llevar\u00e1 a la v\u00edctima a su programa para que preste su testimonio.&nbsp;<\/p>\n","protected":false},"excerpt":{"rendered":"<p>El conductor fue cr\u00edtico contra la panelista de LAM y revel\u00f3 intimidades sobre su familia. Tom\u00e1s Dente&nbsp;estuvo en el ojo de la tormenta cuando en&nbsp;LAM (Am\u00e9rica)&nbsp;le dedicaron un segmento para&hellip; <\/p>\n","protected":false},"author":4,"featured_media":157467,"comment_status":"closed","ping_status":"open","sticky":false,"template":"","format":"standard","meta":{"footnotes":""},"categories":[19],"tags":[],"class_list":["post-157466","post","type-post","status-publish","format-standard","has-post-thumbnail","hentry","category-espectaculos"],"_links":{"self":[{"href":"https:\/\/corrientesdetarde.com\/index.php\/wp-json\/wp\/v2\/posts\/157466","targetHints":{"allow":["GET"]}}],"collection":[{"href":"https:\/\/corrientesdetarde.com\/index.php\/wp-json\/wp\/v2\/posts"}],"about":[{"href":"https:\/\/corrientesdetarde.com\/index.php\/wp-json\/wp\/v2\/types\/post"}],"author":[{"embeddable":true,"href":"https:\/\/corrientesdetarde.com\/index.php\/wp-json\/wp\/v2\/users\/4"}],"replies":[{"embeddable":true,"href":"https:\/\/corrientesdetarde.com\/index.php\/wp-json\/wp\/v2\/comments?post=157466"}],"version-history":[{"count":1,"href":"https:\/\/corrientesdetarde.com\/index.php\/wp-json\/wp\/v2\/posts\/157466\/revisions"}],"predecessor-version":[{"id":157468,"href":"https:\/\/corrientesdetarde.com\/index.php\/wp-json\/wp\/v2\/posts\/157466\/revisions\/157468"}],"wp:featuredmedia":[{"embeddable":true,"href":"https:\/\/corrientesdetarde.com\/index.php\/wp-json\/wp\/v2\/media\/157467"}],"wp:attachment":[{"href":"https:\/\/corrientesdetarde.com\/index.php\/wp-json\/wp\/v2\/media?parent=157466"}],"wp:term":[{"taxonomy":"category","embeddable":true,"href":"https:\/\/corrientesdetarde.com\/index.php\/wp-json\/wp\/v2\/categories?post=157466"},{"taxonomy":"post_tag","embeddable":true,"href":"https:\/\/corrientesdetarde.com\/index.php\/wp-json\/wp\/v2\/tags?post=157466"}],"curies":[{"name":"wp","href":"https:\/\/api.w.org\/{rel}","templated":true}]}}