{"id":157469,"date":"2024-08-06T09:32:36","date_gmt":"2024-08-06T12:32:36","guid":{"rendered":"https:\/\/corrientesdetarde.com\/?p=157469"},"modified":"2024-08-06T09:32:40","modified_gmt":"2024-08-06T12:32:40","slug":"murio-una-joven-que-estaba-internada-tras-un-siniestro-vial","status":"publish","type":"post","link":"https:\/\/corrientesdetarde.com\/index.php\/sociales\/murio-una-joven-que-estaba-internada-tras-un-siniestro-vial\/","title":{"rendered":"Muri\u00f3 una joven que estaba internada tras un siniestro vial"},"content":{"rendered":"\n<p>Una joven de 22 a\u00f1os muri\u00f3 tras permanecer varios d\u00edas internada en el Hospital Escuela. El pasado 3\u00a0 de agosto tuvo que ser hospitalizada tras un siniestro vial ocurrido en zona del Perich\u00f3n y donde una mujer ya perdi\u00f3 la vida.<\/p>\n\n\n\n<p>Efectivos policiales dependientes de la Divisi\u00f3n Hospitalaria, informaron que se produjo el deceso de la joven de 22 a\u00f1os de apellido Alegre que se hallaba internada en el hospital escuela de nuestra ciudad, tras participar de un accidente en zonas del Perichon y en el cual ya hab\u00eda perdido la vida en el lugar otra mujer de 41 a\u00f1os de edad.&nbsp;<\/p>\n\n\n\n<p><br>Cabe se\u00f1alar que el siniestro se habr\u00eda registrado el pasado &nbsp;03-08-24, por Ruta Nacional N\u00b0 12, km 1037 aproximadamente alrededor de las 19:00 horas y tuvo como protagonistas a dos motocicletas; una marca Motomel Sirus, la cual era conducido por un hombre de apellido Torrez -46-, quien ten\u00eda como acompa\u00f1ante a una mujer de dobles apellidos P\u00e9rez Suarez -49- y otra marca Appia Vectra, la cual era guiada por una joven de apellido Alegre -22-, quien era acompa\u00f1ada por una mujer del mismo apellido de 41 a\u00f1os de edad.<\/p>\n\n\n\n<p><br>A consecuencia del siniestro, todos fueron trasladados hasta el Hospital Escuela de nuestra ciudad, donde momentos m\u00e1s tarde informaron que se produjo el deceso de la ciudadana Alegre -41- , en tanto que en la jornada de hoy se produjo el lamentable deceso de la joven de 22 a\u00f1os de edad.<\/p>\n\n\n\n<p><br>Al respecto, en la comisaria paraje Perichon se llevan adelante las actuaciones del caso.<\/p>\n","protected":false},"excerpt":{"rendered":"<p>Una joven de 22 a\u00f1os muri\u00f3 tras permanecer varios d\u00edas internada en el Hospital Escuela. El pasado 3\u00a0 de agosto tuvo que ser hospitalizada tras un siniestro vial ocurrido en&hellip; <\/p>\n","protected":false},"author":4,"featured_media":157470,"comment_status":"closed","ping_status":"open","sticky":false,"template":"","format":"standard","meta":{"footnotes":""},"categories":[17],"tags":[],"class_list":["post-157469","post","type-post","status-publish","format-standard","has-post-thumbnail","hentry","category-sociales"],"_links":{"self":[{"href":"https:\/\/corrientesdetarde.com\/index.php\/wp-json\/wp\/v2\/posts\/157469","targetHints":{"allow":["GET"]}}],"collection":[{"href":"https:\/\/corrientesdetarde.com\/index.php\/wp-json\/wp\/v2\/posts"}],"about":[{"href":"https:\/\/corrientesdetarde.com\/index.php\/wp-json\/wp\/v2\/types\/post"}],"author":[{"embeddable":true,"href":"https:\/\/corrientesdetarde.com\/index.php\/wp-json\/wp\/v2\/users\/4"}],"replies":[{"embeddable":true,"href":"https:\/\/corrientesdetarde.com\/index.php\/wp-json\/wp\/v2\/comments?post=157469"}],"version-history":[{"count":1,"href":"https:\/\/corrientesdetarde.com\/index.php\/wp-json\/wp\/v2\/posts\/157469\/revisions"}],"predecessor-version":[{"id":157471,"href":"https:\/\/corrientesdetarde.com\/index.php\/wp-json\/wp\/v2\/posts\/157469\/revisions\/157471"}],"wp:featuredmedia":[{"embeddable":true,"href":"https:\/\/corrientesdetarde.com\/index.php\/wp-json\/wp\/v2\/media\/157470"}],"wp:attachment":[{"href":"https:\/\/corrientesdetarde.com\/index.php\/wp-json\/wp\/v2\/media?parent=157469"}],"wp:term":[{"taxonomy":"category","embeddable":true,"href":"https:\/\/corrientesdetarde.com\/index.php\/wp-json\/wp\/v2\/categories?post=157469"},{"taxonomy":"post_tag","embeddable":true,"href":"https:\/\/corrientesdetarde.com\/index.php\/wp-json\/wp\/v2\/tags?post=157469"}],"curies":[{"name":"wp","href":"https:\/\/api.w.org\/{rel}","templated":true}]}}