{"id":157478,"date":"2024-08-06T09:58:39","date_gmt":"2024-08-06T12:58:39","guid":{"rendered":"https:\/\/corrientesdetarde.com\/?p=157478"},"modified":"2024-08-06T09:58:44","modified_gmt":"2024-08-06T12:58:44","slug":"la-policia-barbara-romero-tiene-neumonia-esta-controlada-y-en-sala-comun","status":"publish","type":"post","link":"https:\/\/corrientesdetarde.com\/index.php\/policiales\/la-policia-barbara-romero-tiene-neumonia-esta-controlada-y-en-sala-comun\/","title":{"rendered":"La polic\u00eda B\u00e1rbara Romero tiene neumon\u00eda, est\u00e1 controlada y en sala com\u00fan\u00a0"},"content":{"rendered":"\n<p>Tina Romero, mam\u00e1 de la joven, habl\u00f3 del estado de salud de su hija, que volvi\u00f3 a ser internada, y expres\u00f3: &#8220;seg\u00fan el estudio me aconsejan que tiene que quedarse porque estaba con una neumon\u00eda&#8221;; y mencion\u00f3: &#8220;salimos de terapia y hoy estamos en sala, est\u00e1 un poco deca\u00edda, tiene un poco de fiebre, no tiene mucha fuerza, est\u00e1 con mucha kinesiolog\u00eda, antobi\u00f3ticos, y se alimenta por boca&#8221;.<\/p>\n\n\n\n<p>La mam\u00e1 de B\u00e1rbara, cont\u00f3: &#8220;salimos el s\u00e1bado de la semana pasada y volvimos el martes, ten\u00eda que venir a control para un an\u00e1lisis completo y tomograf\u00eda, y seg\u00fan el estudio me aconsejan que tiene que quedarse porque estaba con una neumon\u00eda&#8221;; y detall\u00f3: &#8220;salimos de terapia y hoy estamos en sala, est\u00e1 un poco deca\u00edda, tiene un poco de fiebre, no tiene mucha fuerza, est\u00e1 con mucha kinesiolog\u00eda, antobi\u00f3ticos, y se alimenta por boca&#8221;.<\/p>\n\n\n\n<p>A su vez, afirm\u00f3: &#8220;todo depende de la evoluci\u00f3n de ella y que no haga complicaciones, ella est\u00e1 sola en una habitaci\u00f3n por lo delicada que est\u00e1, estamos bien y ella est\u00e1 controlada&#8221;.<\/p>\n","protected":false},"excerpt":{"rendered":"<p>Tina Romero, mam\u00e1 de la joven, habl\u00f3 del estado de salud de su hija, que volvi\u00f3 a ser internada, y expres\u00f3: &#8220;seg\u00fan el estudio me aconsejan que tiene que quedarse&hellip; <\/p>\n","protected":false},"author":4,"featured_media":157479,"comment_status":"closed","ping_status":"open","sticky":false,"template":"","format":"standard","meta":{"footnotes":""},"categories":[33],"tags":[],"class_list":["post-157478","post","type-post","status-publish","format-standard","has-post-thumbnail","hentry","category-policiales"],"_links":{"self":[{"href":"https:\/\/corrientesdetarde.com\/index.php\/wp-json\/wp\/v2\/posts\/157478","targetHints":{"allow":["GET"]}}],"collection":[{"href":"https:\/\/corrientesdetarde.com\/index.php\/wp-json\/wp\/v2\/posts"}],"about":[{"href":"https:\/\/corrientesdetarde.com\/index.php\/wp-json\/wp\/v2\/types\/post"}],"author":[{"embeddable":true,"href":"https:\/\/corrientesdetarde.com\/index.php\/wp-json\/wp\/v2\/users\/4"}],"replies":[{"embeddable":true,"href":"https:\/\/corrientesdetarde.com\/index.php\/wp-json\/wp\/v2\/comments?post=157478"}],"version-history":[{"count":1,"href":"https:\/\/corrientesdetarde.com\/index.php\/wp-json\/wp\/v2\/posts\/157478\/revisions"}],"predecessor-version":[{"id":157480,"href":"https:\/\/corrientesdetarde.com\/index.php\/wp-json\/wp\/v2\/posts\/157478\/revisions\/157480"}],"wp:featuredmedia":[{"embeddable":true,"href":"https:\/\/corrientesdetarde.com\/index.php\/wp-json\/wp\/v2\/media\/157479"}],"wp:attachment":[{"href":"https:\/\/corrientesdetarde.com\/index.php\/wp-json\/wp\/v2\/media?parent=157478"}],"wp:term":[{"taxonomy":"category","embeddable":true,"href":"https:\/\/corrientesdetarde.com\/index.php\/wp-json\/wp\/v2\/categories?post=157478"},{"taxonomy":"post_tag","embeddable":true,"href":"https:\/\/corrientesdetarde.com\/index.php\/wp-json\/wp\/v2\/tags?post=157478"}],"curies":[{"name":"wp","href":"https:\/\/api.w.org\/{rel}","templated":true}]}}