{"id":157481,"date":"2024-08-06T10:18:38","date_gmt":"2024-08-06T13:18:38","guid":{"rendered":"https:\/\/corrientesdetarde.com\/?p=157481"},"modified":"2024-08-06T10:18:50","modified_gmt":"2024-08-06T13:18:50","slug":"camara-gesell-el-hombre-de-la-capucha-que-se-llevo-a-loan","status":"publish","type":"post","link":"https:\/\/corrientesdetarde.com\/index.php\/actualidad\/camara-gesell-el-hombre-de-la-capucha-que-se-llevo-a-loan\/","title":{"rendered":"C\u00e1mara Gesell: el &#8220;hombre de la capucha&#8221; que se llev\u00f3 a Loan"},"content":{"rendered":"\n<p>Uno de los nenes que fue ese 13 de junio al monte lo se\u00f1al\u00f3. La Justicia Federal volvi\u00f3 a ponerlo en el foco de la investigaci\u00f3n, ya que durante los primeros d\u00edas del caso se hab\u00eda hablado de esta persona.<\/p>\n\n\n\n<p>Cuatro de los menores que fueron al monte el d\u00eda que desapareci\u00f3 Loan Danilo Pe\u00f1a en la localidad correntina de 9 de Julio participaron este lunes de una C\u00e1mara Gesell y uno de ellos habr\u00eda coincidido en el dato del &#8220;hombre encapuchado&#8221; que se llev\u00f3 al nene de 5 a\u00f1os, hip\u00f3tesis que se hab\u00eda iniciado durante los primeros d\u00edas de la b\u00fasqueda.<\/p>\n\n\n\n<p>Justamente, ese 13 de junio, un amigo de Antonio Ben\u00edtez, t\u00edo de Loan y detenido por el hecho, es el apuntado, aunque no se descartar\u00eda una segunda persona.<\/p>\n\n\n\n<p>Al menor se lo habr\u00edan llevado a caballo del lugar, por lo que los investigadores volvieron a poner el foco en ese dato.<\/p>\n\n\n\n<p>Al mismo tiempo, se peritan algunos celulares con extra\u00f1as llamadas, se espera el an\u00e1lisis del aparato de C\u00e9sar Pe\u00f1a, uno de los hermanos del ni\u00f1o y se puso el foco sobre una billetera virtual con una fuerte transacci\u00f3n de dinero.<\/p>\n\n\n\n<h3 class=\"wp-block-heading\">&nbsp;<br>Los datos claves que la Justicia busca en el celular de C\u00e9sar Pe\u00f1a, el hermano de Loan<\/h3>\n\n\n\n<p><br>Durante los primeros d\u00edas del caso, una t\u00eda del menor revel\u00f3 que hab\u00eda un &#8220;hombre de capucha blanca&#8221; que estaba en la casa de la abuela poco despu\u00e9s de que el nene fuera visto por \u00faltima vez.<\/p>\n\n\n\n<p>De toda maneras, la capucha no ser\u00eda blanca sino negra, seg\u00fan el detalle &nbsp;que dieron los nenes en la C\u00e1mara Gesell.<\/p>\n\n\n\n<p>&#8220;La parte de naranjas est\u00e1 en el monte y despu\u00e9s da a un lugar limpio, en donde si el nene dice `me voy de mi pap\u00e1`, alguno de los tres mayores tendr\u00eda que haberlo visto. Por eso yo no creo la&nbsp;<br>versi\u00f3n de ellos que no lo hayan visto de qu\u00e9 lado se fue&#8221;, sostuvo la mujer.<\/p>\n\n\n\n<p>Asimismo, a\u00f1adi\u00f3: &#8220;Nos enteramos por un estado de WhatsApp de mi hermana. Entonces mis hermanos agarran la camioneta y viene a 9 de Julio, ah\u00ed en la casa de Camila N\u00fa\u00f1ez, estaba Antonio, \u00e9l le hace se\u00f1as y estaba acompa\u00f1ado de otro chico de capucha blanca, que no sabemos qui\u00e9n es&#8221;.<\/p>\n\n\n\n<p>&#8220;Mi hermano le pregunta a Antonio que sabes de nuestro sobrino y Antonio nunca le respondi\u00f3. Nadie sab\u00eda que Loan estaba en el campo, ni con qui\u00e9n estaba en el campo&#8221;, detall\u00f3 una hermana de Mar\u00eda Noguera, madre de Loan.&nbsp;<\/p>\n","protected":false},"excerpt":{"rendered":"<p>Uno de los nenes que fue ese 13 de junio al monte lo se\u00f1al\u00f3. La Justicia Federal volvi\u00f3 a ponerlo en el foco de la investigaci\u00f3n, ya que durante los&hellip; <\/p>\n","protected":false},"author":4,"featured_media":157482,"comment_status":"closed","ping_status":"open","sticky":false,"template":"","format":"standard","meta":{"footnotes":""},"categories":[23],"tags":[],"class_list":["post-157481","post","type-post","status-publish","format-standard","has-post-thumbnail","hentry","category-actualidad"],"_links":{"self":[{"href":"https:\/\/corrientesdetarde.com\/index.php\/wp-json\/wp\/v2\/posts\/157481","targetHints":{"allow":["GET"]}}],"collection":[{"href":"https:\/\/corrientesdetarde.com\/index.php\/wp-json\/wp\/v2\/posts"}],"about":[{"href":"https:\/\/corrientesdetarde.com\/index.php\/wp-json\/wp\/v2\/types\/post"}],"author":[{"embeddable":true,"href":"https:\/\/corrientesdetarde.com\/index.php\/wp-json\/wp\/v2\/users\/4"}],"replies":[{"embeddable":true,"href":"https:\/\/corrientesdetarde.com\/index.php\/wp-json\/wp\/v2\/comments?post=157481"}],"version-history":[{"count":1,"href":"https:\/\/corrientesdetarde.com\/index.php\/wp-json\/wp\/v2\/posts\/157481\/revisions"}],"predecessor-version":[{"id":157483,"href":"https:\/\/corrientesdetarde.com\/index.php\/wp-json\/wp\/v2\/posts\/157481\/revisions\/157483"}],"wp:featuredmedia":[{"embeddable":true,"href":"https:\/\/corrientesdetarde.com\/index.php\/wp-json\/wp\/v2\/media\/157482"}],"wp:attachment":[{"href":"https:\/\/corrientesdetarde.com\/index.php\/wp-json\/wp\/v2\/media?parent=157481"}],"wp:term":[{"taxonomy":"category","embeddable":true,"href":"https:\/\/corrientesdetarde.com\/index.php\/wp-json\/wp\/v2\/categories?post=157481"},{"taxonomy":"post_tag","embeddable":true,"href":"https:\/\/corrientesdetarde.com\/index.php\/wp-json\/wp\/v2\/tags?post=157481"}],"curies":[{"name":"wp","href":"https:\/\/api.w.org\/{rel}","templated":true}]}}