{"id":157484,"date":"2024-08-06T10:30:10","date_gmt":"2024-08-06T13:30:10","guid":{"rendered":"https:\/\/corrientesdetarde.com\/?p=157484"},"modified":"2024-08-06T10:30:14","modified_gmt":"2024-08-06T13:30:14","slug":"es-oficial-german-pezzella-es-nuevo-jugador-de-river","status":"publish","type":"post","link":"https:\/\/corrientesdetarde.com\/index.php\/deportes\/es-oficial-german-pezzella-es-nuevo-jugador-de-river\/","title":{"rendered":"Es oficial: Germ\u00e1n Pezzella es nuevo jugador de River"},"content":{"rendered":"\n<p>El campe\u00f3n del mundo firm\u00f3 el contrato esta tarde y ya est\u00e1 a disposici\u00f3n del Mu\u00f1eco.<\/p>\n\n\n\n<p>El defensor campe\u00f3n del mundo Germ\u00e1n Pezzella, es el primer fichaje de River, en este nuevo ciclo de Marcelo Gallardo como director t\u00e9cnico del club. El jugador ya hab\u00eda realizado la revisi\u00f3n m\u00e9dica en la ma\u00f1ana y firm\u00f3 el contrato por la tarde.<\/p>\n\n\n\n<p>El zaguero central, estamp\u00f3 su firma hasta diciembre del 2027 y se convierte en la sexta incorporaci\u00f3n del conjunto millonario en lo que va del mercado de pases. El club anunci\u00f3 su fichaje esta tarde, v\u00eda redes sociales, con el siguiente mensaje: &nbsp;&#8220;Germ\u00e1n Pezzella firm\u00f3 su contrato con el Club y vuelve a vestir el Manto Sagrado&#8221;.<\/p>\n\n\n\n<p>El futbolista bicampe\u00f3n de Am\u00e9rica, ya hab\u00eda iniciado negociaciones para concretar su vuelta a la instituci\u00f3n, con Mart\u00edn Demichelis como entrenador, pero las mismas no tuvieron desenlace debido a que el club barajaba otras opciones para cubrir la posici\u00f3n de defensor central, como las del jugador de V\u00e9lez, Valent\u00edn G\u00f3mez, y Federico Gattoni, quien lleg\u00f3 a pr\u00e9stamo del Sevilla.<\/p>\n\n\n\n<p>Con la llegada del Mu\u00f1eco al banco de suplentes de River, el entrenador m\u00e1s ganador en la historia del conjunto millonario, pidi\u00f3 que se reanuden las charlas con el ex jugador del Real Betis de Espa\u00f1a, para acelerar su vuelta.<\/p>\n\n\n\n<p>El valor del acuerdo, finalmente fue por cuatro millones, cl\u00e1usula de recisi\u00f3n del jugador, y no de 7,5, que era lo que el equipo de N\u00fa\u00f1ez estaba dispuesto a pagar por el futbolista salido de las inferiores del club.<\/p>\n\n\n\n<p>El campe\u00f3n del mundo, se mostr\u00f3 muy feliz de haber vuelto a vestir los colores de River. \u201cFinalmente, ac\u00e1 estoy. Estoy feliz de volver a estar ac\u00e1 con ustedes y no veo la hora de volver a pisar este estadio que tantos recuerdos me trae y tanto amamos. Gracias por el cari\u00f1o de siempre, esto ya arranca&#8221;, exclam\u00f3 Pezzella, luego de hacer el reconocimiento del campo de juego.<\/p>\n","protected":false},"excerpt":{"rendered":"<p>El campe\u00f3n del mundo firm\u00f3 el contrato esta tarde y ya est\u00e1 a disposici\u00f3n del Mu\u00f1eco. El defensor campe\u00f3n del mundo Germ\u00e1n Pezzella, es el primer fichaje de River, en&hellip; <\/p>\n","protected":false},"author":4,"featured_media":157485,"comment_status":"closed","ping_status":"open","sticky":false,"template":"","format":"standard","meta":{"footnotes":""},"categories":[4],"tags":[],"class_list":["post-157484","post","type-post","status-publish","format-standard","has-post-thumbnail","hentry","category-deportes"],"_links":{"self":[{"href":"https:\/\/corrientesdetarde.com\/index.php\/wp-json\/wp\/v2\/posts\/157484","targetHints":{"allow":["GET"]}}],"collection":[{"href":"https:\/\/corrientesdetarde.com\/index.php\/wp-json\/wp\/v2\/posts"}],"about":[{"href":"https:\/\/corrientesdetarde.com\/index.php\/wp-json\/wp\/v2\/types\/post"}],"author":[{"embeddable":true,"href":"https:\/\/corrientesdetarde.com\/index.php\/wp-json\/wp\/v2\/users\/4"}],"replies":[{"embeddable":true,"href":"https:\/\/corrientesdetarde.com\/index.php\/wp-json\/wp\/v2\/comments?post=157484"}],"version-history":[{"count":1,"href":"https:\/\/corrientesdetarde.com\/index.php\/wp-json\/wp\/v2\/posts\/157484\/revisions"}],"predecessor-version":[{"id":157486,"href":"https:\/\/corrientesdetarde.com\/index.php\/wp-json\/wp\/v2\/posts\/157484\/revisions\/157486"}],"wp:featuredmedia":[{"embeddable":true,"href":"https:\/\/corrientesdetarde.com\/index.php\/wp-json\/wp\/v2\/media\/157485"}],"wp:attachment":[{"href":"https:\/\/corrientesdetarde.com\/index.php\/wp-json\/wp\/v2\/media?parent=157484"}],"wp:term":[{"taxonomy":"category","embeddable":true,"href":"https:\/\/corrientesdetarde.com\/index.php\/wp-json\/wp\/v2\/categories?post=157484"},{"taxonomy":"post_tag","embeddable":true,"href":"https:\/\/corrientesdetarde.com\/index.php\/wp-json\/wp\/v2\/tags?post=157484"}],"curies":[{"name":"wp","href":"https:\/\/api.w.org\/{rel}","templated":true}]}}