{"id":157487,"date":"2024-08-06T10:47:36","date_gmt":"2024-08-06T13:47:36","guid":{"rendered":"https:\/\/corrientesdetarde.com\/?p=157487"},"modified":"2024-08-06T10:47:47","modified_gmt":"2024-08-06T13:47:47","slug":"messi-apunta-a-volver-para-la-proxima-doble-fecha-de-eliminatorias-sudamericanas-tras-su-lesion","status":"publish","type":"post","link":"https:\/\/corrientesdetarde.com\/index.php\/deportes\/messi-apunta-a-volver-para-la-proxima-doble-fecha-de-eliminatorias-sudamericanas-tras-su-lesion\/","title":{"rendered":"Messi apunta a volver para la pr\u00f3xima doble fecha de Eliminatorias Sudamericanas, tras su lesi\u00f3n"},"content":{"rendered":"\n<p>El rosarino continua con su recuperaci\u00f3n del tobillo derecho y quiere estar presente en los partidos de la Selecci\u00f3n ante Colombia y Chile<\/p>\n\n\n\n<p>El capit\u00e1n de la Selecci\u00f3n argentina,&nbsp;<strong>Lionel Messi<\/strong>, contin\u00faa su recuperaci\u00f3n de la lesi\u00f3n del ligamento de su tobillo derecho, sufrida en la final de la Copa Am\u00e9rica ante Colombia, y apunta a formar parte de la convocatoria del entrenador argentino, Lionel Scaloni, para la doble fecha de Eliminatorias de cara al Mundial 2026.<\/p>\n\n\n\n<p>El campe\u00f3n del mundo, debi\u00f3 usar una bota ortop\u00e9dica que lo ayud\u00f3 a bajar la inflamaci\u00f3n de la zona afectada y as\u00ed poder trasladarse con mayor facilidad. Actualmente, todav\u00eda no volvi\u00f3 a realizar trabajos de campo, ya que est\u00e1 fortaleciendo el tobillo con sesiones de kinesiolog\u00eda y gimnasio.<\/p>\n\n\n\n<figure class=\"wp-block-image size-full\"><img loading=\"lazy\" decoding=\"async\" width=\"784\" height=\"474\" src=\"https:\/\/corrientesdetarde.com\/wp-content\/uploads\/2024\/08\/image-168.png\" alt=\"\" class=\"wp-image-157488\" srcset=\"https:\/\/corrientesdetarde.com\/wp-content\/uploads\/2024\/08\/image-168.png 784w, https:\/\/corrientesdetarde.com\/wp-content\/uploads\/2024\/08\/image-168-300x181.png 300w, https:\/\/corrientesdetarde.com\/wp-content\/uploads\/2024\/08\/image-168-768x464.png 768w\" sizes=\"auto, (max-width: 784px) 100vw, 784px\" \/><\/figure>\n\n\n\n<p>Desde el club norteamericano Inter Miami, aseguran que no apurar\u00e1n el proceso de recuperaci\u00f3n del \u201c10\u201d, para prevenir cualquier agravante en la lesi\u00f3n. Si bien Messi ya se perdi\u00f3 algunos encuentros de su equipo, dos de League Cup y dos de MLS, su entrenador Gerardo Martino, no tiene ninguna intenci\u00f3n de acelerar su vuelta. \u201cNo tomaremos riesgos\u201d, asegur\u00f3 el ex DT del Barcelona, club en el que ya hab\u00eda dirigido al astro argentino.<\/p>\n\n\n\n<p><strong>Cuando ser\u00e1n los partidos ante Chile y Colombia<\/strong><\/p>\n\n\n\n<p>En primer lugar, el 05 de septiembre, la \u201cAlbiceleste\u201d recibir\u00e1 en el Monumental a Chile, desde las 21:00hs. Despu\u00e9s, deber\u00e1 viajar a Barranquilla para enfrentar a Colombia el d\u00eda 10 de septiembre, a las 17:30hs.<\/p>\n\n\n\n<p>\u201cLeo\u201d, buscar\u00e1 estar en \u00f3ptimas condiciones f\u00edsicas para poder disputar ambos encuentros y desde el cuerpo t\u00e9cnico de la selecci\u00f3n nacional, lo esperar\u00e1n hasta lo \u00faltimo para determinar si el jugador ocho veces ganador del bal\u00f3n de oro puede formar parte de la convocatoria.<\/p>\n","protected":false},"excerpt":{"rendered":"<p>El rosarino continua con su recuperaci\u00f3n del tobillo derecho y quiere estar presente en los partidos de la Selecci\u00f3n ante Colombia y Chile El capit\u00e1n de la Selecci\u00f3n argentina,&nbsp;Lionel Messi,&hellip; <\/p>\n","protected":false},"author":4,"featured_media":157489,"comment_status":"closed","ping_status":"open","sticky":false,"template":"","format":"standard","meta":{"footnotes":""},"categories":[4],"tags":[],"class_list":["post-157487","post","type-post","status-publish","format-standard","has-post-thumbnail","hentry","category-deportes"],"_links":{"self":[{"href":"https:\/\/corrientesdetarde.com\/index.php\/wp-json\/wp\/v2\/posts\/157487","targetHints":{"allow":["GET"]}}],"collection":[{"href":"https:\/\/corrientesdetarde.com\/index.php\/wp-json\/wp\/v2\/posts"}],"about":[{"href":"https:\/\/corrientesdetarde.com\/index.php\/wp-json\/wp\/v2\/types\/post"}],"author":[{"embeddable":true,"href":"https:\/\/corrientesdetarde.com\/index.php\/wp-json\/wp\/v2\/users\/4"}],"replies":[{"embeddable":true,"href":"https:\/\/corrientesdetarde.com\/index.php\/wp-json\/wp\/v2\/comments?post=157487"}],"version-history":[{"count":1,"href":"https:\/\/corrientesdetarde.com\/index.php\/wp-json\/wp\/v2\/posts\/157487\/revisions"}],"predecessor-version":[{"id":157490,"href":"https:\/\/corrientesdetarde.com\/index.php\/wp-json\/wp\/v2\/posts\/157487\/revisions\/157490"}],"wp:featuredmedia":[{"embeddable":true,"href":"https:\/\/corrientesdetarde.com\/index.php\/wp-json\/wp\/v2\/media\/157489"}],"wp:attachment":[{"href":"https:\/\/corrientesdetarde.com\/index.php\/wp-json\/wp\/v2\/media?parent=157487"}],"wp:term":[{"taxonomy":"category","embeddable":true,"href":"https:\/\/corrientesdetarde.com\/index.php\/wp-json\/wp\/v2\/categories?post=157487"},{"taxonomy":"post_tag","embeddable":true,"href":"https:\/\/corrientesdetarde.com\/index.php\/wp-json\/wp\/v2\/tags?post=157487"}],"curies":[{"name":"wp","href":"https:\/\/api.w.org\/{rel}","templated":true}]}}