{"id":157491,"date":"2024-08-06T10:48:56","date_gmt":"2024-08-06T13:48:56","guid":{"rendered":"https:\/\/corrientesdetarde.com\/?p=157491"},"modified":"2024-08-06T10:49:07","modified_gmt":"2024-08-06T13:49:07","slug":"rulli-interesa-al-olympique-de-marsella-y-podria-jugar-con-carboni-y-balerdi","status":"publish","type":"post","link":"https:\/\/corrientesdetarde.com\/index.php\/deportes\/rulli-interesa-al-olympique-de-marsella-y-podria-jugar-con-carboni-y-balerdi\/","title":{"rendered":"Rulli interesa al Olympique de Marsella y podr\u00eda jugar con Carboni y Balerdi"},"content":{"rendered":"\n<p>El conjunto franc\u00e9s desea sumar otro argentino a su plantel.<\/p>\n\n\n\n<p>El arquero titular de la Selecci\u00f3n argentina Sub-23 en los Juegos Ol\u00edmpicos de Paris 2024, Ger\u00f3nimo Rulli, podr\u00eda dejar su club actual, Ajax, para formar parte del Olympique de Marsella de Francia y compartir plantel con otros dos argentinos, Valentin Carboni y Leonardo Balerdi.<\/p>\n\n\n\n<p>El conjunto franc\u00e9s, habr\u00eda iniciado negociaciones con el club neerland\u00e9s para hacerse con los servicios del guardameta, que ya tuvo un paso por la Ligue 1 (liga francesa) cuando defendi\u00f3 los tres palos del Montpellier. El equipo galo, se suma al inter\u00e9s de dos clubes espa\u00f1oles, como el Real Betis y el Villarreal, que tambi\u00e9n quieren incorporar al campe\u00f3n del mundo a sus planteles.<\/p>\n\n\n\n<p>El ex Estudiantes de La Plata, fue uno de los tres mayores que disputaron los Juegos Ol\u00edmpicos 2024, donde quedaron eliminados ante Francia en los cuartos de final. Rulli, no logr\u00f3 asentarse en el Ajax, ya que las lesiones no se lo permitieron y quiere salir del conjunto holand\u00e9s en busca de minutos.<\/p>\n\n\n\n<p>De incorporarse al Olympique de Marsella, el arquero campe\u00f3n de Am\u00e9rica, compartir\u00e1 equipo con Carboni, recientemente llegado al club franc\u00e9s y con quien ya convivi\u00f3 en la Copa Am\u00e9rica 2024, y Leonardo Balerdi, con quien tambi\u00e9n tuvo relaci\u00f3n en la Selecci\u00f3n nacional, pero este \u00faltimo no viaj\u00f3 al torneo disputado en Estados Unidos que tuvo a la \u201cAlbiceleste\u201d como campeona.<\/p>\n","protected":false},"excerpt":{"rendered":"<p>El conjunto franc\u00e9s desea sumar otro argentino a su plantel. El arquero titular de la Selecci\u00f3n argentina Sub-23 en los Juegos Ol\u00edmpicos de Paris 2024, Ger\u00f3nimo Rulli, podr\u00eda dejar su&hellip; <\/p>\n","protected":false},"author":4,"featured_media":157492,"comment_status":"closed","ping_status":"open","sticky":false,"template":"","format":"standard","meta":{"footnotes":""},"categories":[4],"tags":[],"class_list":["post-157491","post","type-post","status-publish","format-standard","has-post-thumbnail","hentry","category-deportes"],"_links":{"self":[{"href":"https:\/\/corrientesdetarde.com\/index.php\/wp-json\/wp\/v2\/posts\/157491","targetHints":{"allow":["GET"]}}],"collection":[{"href":"https:\/\/corrientesdetarde.com\/index.php\/wp-json\/wp\/v2\/posts"}],"about":[{"href":"https:\/\/corrientesdetarde.com\/index.php\/wp-json\/wp\/v2\/types\/post"}],"author":[{"embeddable":true,"href":"https:\/\/corrientesdetarde.com\/index.php\/wp-json\/wp\/v2\/users\/4"}],"replies":[{"embeddable":true,"href":"https:\/\/corrientesdetarde.com\/index.php\/wp-json\/wp\/v2\/comments?post=157491"}],"version-history":[{"count":1,"href":"https:\/\/corrientesdetarde.com\/index.php\/wp-json\/wp\/v2\/posts\/157491\/revisions"}],"predecessor-version":[{"id":157493,"href":"https:\/\/corrientesdetarde.com\/index.php\/wp-json\/wp\/v2\/posts\/157491\/revisions\/157493"}],"wp:featuredmedia":[{"embeddable":true,"href":"https:\/\/corrientesdetarde.com\/index.php\/wp-json\/wp\/v2\/media\/157492"}],"wp:attachment":[{"href":"https:\/\/corrientesdetarde.com\/index.php\/wp-json\/wp\/v2\/media?parent=157491"}],"wp:term":[{"taxonomy":"category","embeddable":true,"href":"https:\/\/corrientesdetarde.com\/index.php\/wp-json\/wp\/v2\/categories?post=157491"},{"taxonomy":"post_tag","embeddable":true,"href":"https:\/\/corrientesdetarde.com\/index.php\/wp-json\/wp\/v2\/tags?post=157491"}],"curies":[{"name":"wp","href":"https:\/\/api.w.org\/{rel}","templated":true}]}}