{"id":157494,"date":"2024-08-06T10:49:56","date_gmt":"2024-08-06T13:49:56","guid":{"rendered":"https:\/\/corrientesdetarde.com\/?p=157494"},"modified":"2024-08-06T10:49:57","modified_gmt":"2024-08-06T13:49:57","slug":"osvaldo-sobre-la-llegada-de-gallardo-a-river-no-te-voy-a-decir-que-quiero-que-le-vaya-bien-porque-te-miento","status":"publish","type":"post","link":"https:\/\/corrientesdetarde.com\/index.php\/deportes\/osvaldo-sobre-la-llegada-de-gallardo-a-river-no-te-voy-a-decir-que-quiero-que-le-vaya-bien-porque-te-miento\/","title":{"rendered":"Osvaldo sobre la llegada de Gallardo a River: &#8220;No te voy a decir que quiero que le vaya bien porque te miento&#8221;"},"content":{"rendered":"\n<p>El ex futbolista, dio su opini\u00f3n en declaraciones televisivas acerca de la vuelta del Mu\u00f1eco al conjunto millonario.<\/p>\n\n\n\n<p>El ex delantero de Boca,<strong>&nbsp;Daniel Osvaldo<\/strong>, opin\u00f3 sobre el regreso de Marcelo Gallardo a River como director t\u00e9cnico y fue claro sobre cu\u00e1les son sus sensaciones al respecto.<strong>&nbsp;\u201cLo esperamos para el Supercl\u00e1sico\u201d<\/strong>, exclam\u00f3.<\/p>\n\n\n\n<p>En dialogo con ESPN, el ex jugador de 38 a\u00f1os, mostr\u00f3 sus respetos ante el ex entrenador del conjunto \u00e1rabe Al-Ittihad.&nbsp;<strong>\u201cSiempre es bueno que haya un buen entrenador en el f\u00fatbol argentino<\/strong>, porque la verdad es que ha demostrado que es un buen entrenador. No te voy a decir que quiero que le vaya bien porque te miento&#8221;, sentenci\u00f3.<\/p>\n\n\n\n<p>Sin embargo, al ser consultado por el encuentro en el que River y Boca deber\u00e1n verse las caras, por la decimoquinta fecha de la Liga Profesional de F\u00fatbol, el ex delantero con paso por el Inter de Mil\u00e1n, fue claro al respecto.&nbsp;<strong>&#8220;\u00bfEn el Supercl\u00e1sico? Menos que menos, que le vaya mal\u201d<\/strong>, asever\u00f3. Y agreg\u00f3, \u201cEs un gran t\u00e9cnico que gan\u00f3 todo y hay que respetarlo, porque se gan\u00f3 el respeto de todo el f\u00fatbol argentino. En el Supercl\u00e1sico lo esperamos\u201d.<\/p>\n\n\n\n<p>En su etapa en el conjunto xeneize, Osvaldo enfrent\u00f3 en tres ocasiones al equipo de N\u00fa\u00f1ez, donde cosech\u00f3 una victoria, un empate y una derrota.<\/p>\n","protected":false},"excerpt":{"rendered":"<p>El ex futbolista, dio su opini\u00f3n en declaraciones televisivas acerca de la vuelta del Mu\u00f1eco al conjunto millonario. El ex delantero de Boca,&nbsp;Daniel Osvaldo, opin\u00f3 sobre el regreso de Marcelo&hellip; <\/p>\n","protected":false},"author":4,"featured_media":157495,"comment_status":"closed","ping_status":"open","sticky":false,"template":"","format":"standard","meta":{"footnotes":""},"categories":[4],"tags":[],"class_list":["post-157494","post","type-post","status-publish","format-standard","has-post-thumbnail","hentry","category-deportes"],"_links":{"self":[{"href":"https:\/\/corrientesdetarde.com\/index.php\/wp-json\/wp\/v2\/posts\/157494","targetHints":{"allow":["GET"]}}],"collection":[{"href":"https:\/\/corrientesdetarde.com\/index.php\/wp-json\/wp\/v2\/posts"}],"about":[{"href":"https:\/\/corrientesdetarde.com\/index.php\/wp-json\/wp\/v2\/types\/post"}],"author":[{"embeddable":true,"href":"https:\/\/corrientesdetarde.com\/index.php\/wp-json\/wp\/v2\/users\/4"}],"replies":[{"embeddable":true,"href":"https:\/\/corrientesdetarde.com\/index.php\/wp-json\/wp\/v2\/comments?post=157494"}],"version-history":[{"count":1,"href":"https:\/\/corrientesdetarde.com\/index.php\/wp-json\/wp\/v2\/posts\/157494\/revisions"}],"predecessor-version":[{"id":157496,"href":"https:\/\/corrientesdetarde.com\/index.php\/wp-json\/wp\/v2\/posts\/157494\/revisions\/157496"}],"wp:featuredmedia":[{"embeddable":true,"href":"https:\/\/corrientesdetarde.com\/index.php\/wp-json\/wp\/v2\/media\/157495"}],"wp:attachment":[{"href":"https:\/\/corrientesdetarde.com\/index.php\/wp-json\/wp\/v2\/media?parent=157494"}],"wp:term":[{"taxonomy":"category","embeddable":true,"href":"https:\/\/corrientesdetarde.com\/index.php\/wp-json\/wp\/v2\/categories?post=157494"},{"taxonomy":"post_tag","embeddable":true,"href":"https:\/\/corrientesdetarde.com\/index.php\/wp-json\/wp\/v2\/tags?post=157494"}],"curies":[{"name":"wp","href":"https:\/\/api.w.org\/{rel}","templated":true}]}}