{"id":157613,"date":"2024-08-06T20:39:34","date_gmt":"2024-08-06T23:39:34","guid":{"rendered":"https:\/\/corrientesdetarde.com\/?p=157613"},"modified":"2024-08-06T20:39:40","modified_gmt":"2024-08-06T23:39:40","slug":"la-provincia-comenzo-la-repavimentacion-de-calle-moreno-entre-chaco-y-san-juan","status":"publish","type":"post","link":"https:\/\/corrientesdetarde.com\/index.php\/informacion-general\/la-provincia-comenzo-la-repavimentacion-de-calle-moreno-entre-chaco-y-san-juan\/","title":{"rendered":"La Provincia comenz\u00f3 la repavimentaci\u00f3n de calle Moreno entre Chaco y San Juan"},"content":{"rendered":"\n<p>El\u00a0 Gobierno Provincial comenz\u00f3 la repavimentaci\u00f3n con concreto caliente de la calle Moreno\u00a0 entre Chaco y San Juan. Estas ocho cuadras previamente \u00a0fueron fresadas ante el avanzado deterioro de su carpeta de rodamiento.<\/p>\n\n\n\n<p>Estos trabajos, que forman parte del programa de asistencia al municipio capitalino dispuesto por el gobernador Gustavo Vald\u00e9s, son ejecutados por el Ministerio de Obras Y Servicios P\u00fablicos, a trav\u00e9s de equipos especializados de Vialidad Urbana.<\/p>\n\n\n\n<p>Las tareas arrancaron d\u00edas atr\u00e1s con el escarificado de las calles intervenidas&nbsp; a trav\u00e9s de una m\u00e1quina fresadora que retir\u00f3 el material excedente, el cual es reciclado como material de calidad para el mejoramiento de calles de tierra.<\/p>\n\n\n\n<p>El recapado en ejecuci\u00f3n, &nbsp;consiste en la colocaci\u00f3n de una carpeta de concreto asf\u00e1ltico de entre 8 y 10 cent\u00edmetros de espesor a lo ancho de toda la calzada, que sirve de sustento a otra capa, de menor grosor, del mismo material que da terminaci\u00f3n a la nueva carpeta de rodamiento construida.<\/p>\n\n\n\n<p>Los trabajos arrancaron desde el cruce de Moreno con calle Chaco. Se recomienda circular con precauci\u00f3n por la zona.<\/p>\n\n\n\n<p>Cabe destacar que esta obra se concreta por administraci\u00f3n con personal, materiales, maquinarias y recursos del erario provincial.<\/p>\n\n\n\n<figure class=\"wp-block-image size-large\"><img loading=\"lazy\" decoding=\"async\" width=\"1024\" height=\"684\" src=\"https:\/\/corrientesdetarde.com\/wp-content\/uploads\/2024\/08\/image-208-1024x684.png\" alt=\"\" class=\"wp-image-157619\" srcset=\"https:\/\/corrientesdetarde.com\/wp-content\/uploads\/2024\/08\/image-208-1024x684.png 1024w, https:\/\/corrientesdetarde.com\/wp-content\/uploads\/2024\/08\/image-208-300x201.png 300w, https:\/\/corrientesdetarde.com\/wp-content\/uploads\/2024\/08\/image-208-768x513.png 768w, https:\/\/corrientesdetarde.com\/wp-content\/uploads\/2024\/08\/image-208-1536x1027.png 1536w, https:\/\/corrientesdetarde.com\/wp-content\/uploads\/2024\/08\/image-208-2048x1369.png 2048w\" sizes=\"auto, (max-width: 1024px) 100vw, 1024px\" \/><\/figure>\n","protected":false},"excerpt":{"rendered":"<p>El\u00a0 Gobierno Provincial comenz\u00f3 la repavimentaci\u00f3n con concreto caliente de la calle Moreno\u00a0 entre Chaco y San Juan. Estas ocho cuadras previamente \u00a0fueron fresadas ante el avanzado deterioro de su&hellip; <\/p>\n","protected":false},"author":1,"featured_media":157620,"comment_status":"closed","ping_status":"open","sticky":false,"template":"","format":"standard","meta":{"footnotes":""},"categories":[1],"tags":[],"class_list":["post-157613","post","type-post","status-publish","format-standard","has-post-thumbnail","hentry","category-informacion-general"],"_links":{"self":[{"href":"https:\/\/corrientesdetarde.com\/index.php\/wp-json\/wp\/v2\/posts\/157613","targetHints":{"allow":["GET"]}}],"collection":[{"href":"https:\/\/corrientesdetarde.com\/index.php\/wp-json\/wp\/v2\/posts"}],"about":[{"href":"https:\/\/corrientesdetarde.com\/index.php\/wp-json\/wp\/v2\/types\/post"}],"author":[{"embeddable":true,"href":"https:\/\/corrientesdetarde.com\/index.php\/wp-json\/wp\/v2\/users\/1"}],"replies":[{"embeddable":true,"href":"https:\/\/corrientesdetarde.com\/index.php\/wp-json\/wp\/v2\/comments?post=157613"}],"version-history":[{"count":1,"href":"https:\/\/corrientesdetarde.com\/index.php\/wp-json\/wp\/v2\/posts\/157613\/revisions"}],"predecessor-version":[{"id":157621,"href":"https:\/\/corrientesdetarde.com\/index.php\/wp-json\/wp\/v2\/posts\/157613\/revisions\/157621"}],"wp:featuredmedia":[{"embeddable":true,"href":"https:\/\/corrientesdetarde.com\/index.php\/wp-json\/wp\/v2\/media\/157620"}],"wp:attachment":[{"href":"https:\/\/corrientesdetarde.com\/index.php\/wp-json\/wp\/v2\/media?parent=157613"}],"wp:term":[{"taxonomy":"category","embeddable":true,"href":"https:\/\/corrientesdetarde.com\/index.php\/wp-json\/wp\/v2\/categories?post=157613"},{"taxonomy":"post_tag","embeddable":true,"href":"https:\/\/corrientesdetarde.com\/index.php\/wp-json\/wp\/v2\/tags?post=157613"}],"curies":[{"name":"wp","href":"https:\/\/api.w.org\/{rel}","templated":true}]}}