{"id":157614,"date":"2024-08-06T20:37:27","date_gmt":"2024-08-06T23:37:27","guid":{"rendered":"https:\/\/corrientesdetarde.com\/?p=157614"},"modified":"2024-08-06T20:37:39","modified_gmt":"2024-08-06T23:37:39","slug":"la-dpec-realizara-trabajos-de-mejoras-en-capital-y-el-interior-99","status":"publish","type":"post","link":"https:\/\/corrientesdetarde.com\/index.php\/informacion-general\/la-dpec-realizara-trabajos-de-mejoras-en-capital-y-el-interior-99\/","title":{"rendered":"La DPEC realizar\u00e1 trabajos de mejoras en Capital y el interior"},"content":{"rendered":"\n<p><\/p>\n\n\n\n<p>La Direcci\u00f3n Provincial de Energ\u00eda de Corrientes (DPEC) informa que con motivo de realizar mejoras en el servicio, se ejecutar\u00e1n tareas de mantenimiento de L\u00edneas de Media Tensi\u00f3n (LMT), por lo cual se interrumpir\u00e1 el suministro de energ\u00eda el\u00e9ctrica en la localidad de&nbsp;<strong>MERCEDES<\/strong>, el mi\u00e9rcoles&nbsp;07, jueves 08, viernes 09, sab\u00e1do 10\/08\/24, en zonas del&nbsp;Copra S.A. por Ruta N\u00b0 132, Paraje Rinc\u00f3n de Yeguas, Molinos Libres y zonas de influencia.<\/p>\n\n\n\n<p>Por otro lado, informa que con motivo de realizar mejoras en el servicio, se ejecutar\u00e1n tareas de mantenimiento de L\u00edneas de Media Tensi\u00f3n (LMT), por lo cual se interrumpir\u00e1 el suministro de energ\u00eda el\u00e9ctrica en la ciudad&nbsp;<strong>CAPITAL<\/strong>, el mi\u00e9rcoles&nbsp;07\/08\/24, en el horario de&nbsp;08:00 a 12:00 Hs, en las zonas de la&nbsp;Calle Moreno al 35 y zonas de influencia, tambi\u00e9n en el horario de&nbsp;09:00 a 11:00 Hs, en zonas de los barrios&nbsp;Ca\u00f1ada Quiroz, Santa Margarita, Paso Mart\u00ednez y zonas de influencia<\/p>\n\n\n\n<p>Por \u00faltimo, informa que con motivo de realizar mejoras en el servicio, se ejecutar\u00e1n tareas de mantenimiento de L\u00edneas de Media Tensi\u00f3n (LMT), por lo cual se interrumpir\u00e1 el suministro de energ\u00eda el\u00e9ctrica en la localidad de&nbsp;<strong>PASO DE LOS LIBRES<\/strong>, el mi\u00e9rcoles&nbsp;07\/08\/24, en el horario de&nbsp;08:00 a 12:00 Hs, en las zonas de&nbsp;YPF OPESA, zona de Gomer\u00eda Santa Rita, Chacra N\u00b0 213, B\u00b0 H\u00e9roes de Malvinas, B\u00b0 Ca\u00e1 Guaz\u00fa, La Nueva Arenera, B\u00b0 60 Viviendas Viejo, y zonas de influencia.<\/p>\n","protected":false},"excerpt":{"rendered":"<p>La Direcci\u00f3n Provincial de Energ\u00eda de Corrientes (DPEC) informa que con motivo de realizar mejoras en el servicio, se ejecutar\u00e1n tareas de mantenimiento de L\u00edneas de Media Tensi\u00f3n (LMT), por&hellip; <\/p>\n","protected":false},"author":1,"featured_media":135803,"comment_status":"closed","ping_status":"open","sticky":false,"template":"","format":"standard","meta":{"footnotes":""},"categories":[1],"tags":[],"class_list":["post-157614","post","type-post","status-publish","format-standard","has-post-thumbnail","hentry","category-informacion-general"],"_links":{"self":[{"href":"https:\/\/corrientesdetarde.com\/index.php\/wp-json\/wp\/v2\/posts\/157614","targetHints":{"allow":["GET"]}}],"collection":[{"href":"https:\/\/corrientesdetarde.com\/index.php\/wp-json\/wp\/v2\/posts"}],"about":[{"href":"https:\/\/corrientesdetarde.com\/index.php\/wp-json\/wp\/v2\/types\/post"}],"author":[{"embeddable":true,"href":"https:\/\/corrientesdetarde.com\/index.php\/wp-json\/wp\/v2\/users\/1"}],"replies":[{"embeddable":true,"href":"https:\/\/corrientesdetarde.com\/index.php\/wp-json\/wp\/v2\/comments?post=157614"}],"version-history":[{"count":1,"href":"https:\/\/corrientesdetarde.com\/index.php\/wp-json\/wp\/v2\/posts\/157614\/revisions"}],"predecessor-version":[{"id":157618,"href":"https:\/\/corrientesdetarde.com\/index.php\/wp-json\/wp\/v2\/posts\/157614\/revisions\/157618"}],"wp:featuredmedia":[{"embeddable":true,"href":"https:\/\/corrientesdetarde.com\/index.php\/wp-json\/wp\/v2\/media\/135803"}],"wp:attachment":[{"href":"https:\/\/corrientesdetarde.com\/index.php\/wp-json\/wp\/v2\/media?parent=157614"}],"wp:term":[{"taxonomy":"category","embeddable":true,"href":"https:\/\/corrientesdetarde.com\/index.php\/wp-json\/wp\/v2\/categories?post=157614"},{"taxonomy":"post_tag","embeddable":true,"href":"https:\/\/corrientesdetarde.com\/index.php\/wp-json\/wp\/v2\/tags?post=157614"}],"curies":[{"name":"wp","href":"https:\/\/api.w.org\/{rel}","templated":true}]}}