{"id":157615,"date":"2024-08-06T20:35:33","date_gmt":"2024-08-06T23:35:33","guid":{"rendered":"https:\/\/corrientesdetarde.com\/?p=157615"},"modified":"2024-08-06T20:35:45","modified_gmt":"2024-08-06T23:35:45","slug":"el-jueves-8-de-agosto-se-viene-el-9-conversatorio-mujeres-que-inspiran","status":"publish","type":"post","link":"https:\/\/corrientesdetarde.com\/index.php\/eventossociedad\/el-jueves-8-de-agosto-se-viene-el-9-conversatorio-mujeres-que-inspiran\/","title":{"rendered":"El jueves 8 de agosto \u00a1Se viene el 9\u00b0 conversatorio: Mujeres que inspiran!"},"content":{"rendered":"\n<p>Atenci\u00f3n \ud83e\udd29 se viene el 9\u00b0 conversatorio: Mujeres que inspiran\u203c<\/p>\n\n\n\n<p>\ud83d\udc64Invita el Vicegobernador de la provincia el Dr. <a href=\"https:\/\/www.instagram.com\/pedrobraillard\/\" target=\"_blank\" rel=\"noreferrer noopener\">@pedrobraillard<\/a><\/p>\n\n\n\n<p>\ud83d\uddd3El jueves 8 de agosto<\/p>\n\n\n\n<p>\ud83d\udccdEn el Recinto del Palacio Legislativo (Salta 545)<\/p>\n\n\n\n<p>\u23f018:30hs<\/p>\n\n\n\n<p>\u2022En esta oportunidad, las mujeres que compartir\u00e1n sus experiencias de vida son:<br>\ud83d\udc49\ud83c\udffb<a href=\"https:\/\/www.instagram.com\/mariananoeliae\/\" target=\"_blank\" rel=\"noreferrer noopener\">@mariananoeliae <\/a>Licenciada en pedagog\u00eda social y coordinadora de educaci\u00f3n especial.<br>\ud83d\udc49\ud83c\udffb@<a href=\"https:\/\/www.instagram.com\/delfinaveirave\/\" target=\"_blank\" rel=\"noreferrer noopener\">delfinaveirave<\/a> Exrectora UNNE<br>\ud83d\udc49\ud83c\udffb@<a href=\"https:\/\/www.instagram.com\/anaachitte\/\" target=\"_blank\" rel=\"noreferrer noopener\">anaachitte<\/a> Abogada &#8211; Asesora de menores<\/p>\n\n\n\n<p>\ud83d\udc64Coordina:\u00a0<a href=\"https:\/\/www.instagram.com\/silvia__pozo\/\" target=\"_blank\" rel=\"noreferrer noopener\">@silvia__poz<\/a><\/p>\n\n\n\n<figure class=\"wp-block-image size-large\"><img decoding=\"async\" src=\"https:\/\/corrientesdetarde.com\/wp-content\/uploads\/2024\/08\/WhatsApp-Image-2024-08-06-at-20.14.07_44995008-1024x1024.jpg\" alt=\"\" class=\"wp-image-157616\"\/><\/figure>\n\n\n\n<p><strong><em>&nbsp;&nbsp;&nbsp;&nbsp;&nbsp;&nbsp;&nbsp;&nbsp;&nbsp;&nbsp;&nbsp;&nbsp;&nbsp;&nbsp;&nbsp;&nbsp;&nbsp;&nbsp;&nbsp;&nbsp;&nbsp;&nbsp;&nbsp;&nbsp;&nbsp;&nbsp;&nbsp;&nbsp;&nbsp;&nbsp;&nbsp;&nbsp;&nbsp;&nbsp;&nbsp;<\/em><\/strong><strong><em>Panelistas:<\/em><\/strong><\/p>\n\n\n\n<ol class=\"wp-block-list\">\n<li>Ana Mar\u00eda Achitte:<\/li>\n<\/ol>\n\n\n\n<p>Nacida y criada en Bella Vista Corrientes, su familia est\u00e1 conformada por su pareja Bernardo y&nbsp; tres hijos: M\u00e1ximo (12), Francisco (11) y Martina (2 a\u00f1os y 9 meses). Todos de Bella Vista, sus padres se dedican a la citricultura y horticultura y desde hace 11 a\u00f1os incursionaron en la hoteler\u00eda .<\/p>\n\n\n\n<p>Ella nos dice&nbsp; \u201cComo familia siempre priorizamos el aporte a la comunidad desde distintas actividades y formando parte de las entidades sociales (c\u00e1maras empresariales, de turismo y citr\u00edcolas) desde donde se apoya a cada sector. Antes de ingresar al Poder Judicial trabaj\u00e9 varios a\u00f1os en la empresa familiar y por lo tanto tambi\u00e9n particip\u00e9 en esas organizaciones brindando mi aporte\u201d<\/p>\n\n\n\n<p>Abogada (egresada de la UNNE). Mediadora. Coach Ontol\u00f3gico Profesional certificada. Profesora Universitaria (UNNE). Diplomada en Derecho de Ni\u00f1ez, Adolescencia y Familia (UNCAUS y Universidad de Salamanca). Maestrando de la Maestr\u00eda en Magistratura y Derecho Judicial (tesis en curso. Universidad Austral). Asesora de Menores e Incapaces de la ciudad de Bella Vista (Ctes.)<\/p>\n\n\n\n<ol class=\"wp-block-list\" start=\"2\">\n<li>Nuestra siguiente\u00a0 mujer no esta entre nosotros de manera f\u00edsica, pero s\u00ed su esp\u00edritu y su legado.<\/li>\n<\/ol>\n\n\n\n<p>Ella es Helen Keller, fue una mujer nacida en 1880. A los 19 meses de vida cay\u00f3 enferma y el m\u00e9dico determin\u00f3 que no sobrevivir\u00eda. Sin embargo sobrevivi\u00f3, pero qued\u00f3 ciega y sorda. A los 8 a\u00f1os la conocen a Anne Sullivan que fue su cuidadora, su maestra, su baston toda su vida. Ella la conect\u00f3 con el mundo no podemos hablar de una si no hablamos de la otra. Helen Keller se escolariz\u00f3 y hasta escribi\u00f3 un libro \u201cLa historia de mi vida\u201d donde nos relata su propia vida.<\/p>\n\n\n\n<ol class=\"wp-block-list\" start=\"3\">\n<li>Delfina Veirav\u00e9:<\/li>\n<\/ol>\n\n\n\n<p>Es actualmente la presidenta del Instituto Chaque\u00f1o de Ciencia, Tecnolog\u00eda e Innovaci\u00f3n.<\/p>\n\n\n\n<p>Es graduada de la UNNE en Ciencias de la Educaci\u00f3n, con estudios de Posgrado en Educaci\u00f3n y Sociedad (FLACSO) y en Gesti\u00f3n de la Educaci\u00f3n Superior. Profesora universitaria, investigadora y formadora de recursos humanos (direcci\u00f3n de becarios, tesistas e investigadores).<\/p>\n\n\n\n<p>Fue 8 a\u00f1os Rectora de la Universidad Nacional del Nordeste, la primera mujer en ocupar ese cargo. Anteriormente fue Vicerrectora (UNNE), Decana y secretaria Acad\u00e9mica de la Facultad de Humanidades. Ocup\u00f3 cargos nacionales siendo presidenta y vicepresidenta del Consejo Interuniversitario Nacional que nuclea m\u00e1s de 60 universidades p\u00fablicas de Argentina.<\/p>\n\n\n\n<p>Fue miembro del Consejo Econ\u00f3mico y Social de la Naci\u00f3n en representaci\u00f3n del sector acad\u00e9mico. Tambi\u00e9n ejerci\u00f3 la Vicepresidencia del Cono Sur de la Organizaci\u00f3n Universitaria Interamericana (OUI).<\/p>\n\n\n\n<ol class=\"wp-block-list\" start=\"4\">\n<li>Mariana Escalante:<\/li>\n<\/ol>\n\n\n\n<p>Licenciada en Pedagog\u00eda Social &#8211; Universidad del Salvador. Mag\u00edster en Gesti\u00f3n de Organizaciones Educativas &#8211; Universidad Nacional de Rosario.<\/p>\n\n\n\n<p>Coordinadora de educaci\u00f3n especial. Ministerio de educaci\u00f3n de la provincia de Corrientes.<\/p>\n\n\n\n<p>Profesora comprometida y dedicada a la Educaci\u00f3n Especial con 23 a\u00f1os de experiencia. Trabaja voluntariamente en gesti\u00f3n proyectos de servicio a la comunidad. Estudia y se capacita constantemente para promover entornos de aprendizaje inclusivos que permitan a cada estudiante alcanzar su m\u00e1ximo potencial, independientemente de su condici\u00f3n.<\/p>\n\n\n\n<p>Inici\u00f3 su carrera docente en la Escuela Especial N\u00b0 9 Helen Keller de la ciudad de Corrientes, se desempe\u00f1\u00f3 en varios niveles con estudiantes con discapacidad auditiva. Particip\u00f3 de Concursos para acceder a los cargos de gesti\u00f3n institucional, siendo vicedirectora titular y luego directora de la misma escuela.<\/p>\n","protected":false},"excerpt":{"rendered":"<p>Atenci\u00f3n \ud83e\udd29 se viene el 9\u00b0 conversatorio: Mujeres que inspiran\u203c \ud83d\udc64Invita el Vicegobernador de la provincia el Dr. @pedrobraillard \ud83d\uddd3El jueves 8 de agosto \ud83d\udccdEn el Recinto del Palacio Legislativo&hellip; <\/p>\n","protected":false},"author":1,"featured_media":157616,"comment_status":"closed","ping_status":"open","sticky":false,"template":"","format":"standard","meta":{"footnotes":""},"categories":[1208],"tags":[],"class_list":["post-157615","post","type-post","status-publish","format-standard","has-post-thumbnail","hentry","category-eventossociedad"],"_links":{"self":[{"href":"https:\/\/corrientesdetarde.com\/index.php\/wp-json\/wp\/v2\/posts\/157615","targetHints":{"allow":["GET"]}}],"collection":[{"href":"https:\/\/corrientesdetarde.com\/index.php\/wp-json\/wp\/v2\/posts"}],"about":[{"href":"https:\/\/corrientesdetarde.com\/index.php\/wp-json\/wp\/v2\/types\/post"}],"author":[{"embeddable":true,"href":"https:\/\/corrientesdetarde.com\/index.php\/wp-json\/wp\/v2\/users\/1"}],"replies":[{"embeddable":true,"href":"https:\/\/corrientesdetarde.com\/index.php\/wp-json\/wp\/v2\/comments?post=157615"}],"version-history":[{"count":1,"href":"https:\/\/corrientesdetarde.com\/index.php\/wp-json\/wp\/v2\/posts\/157615\/revisions"}],"predecessor-version":[{"id":157617,"href":"https:\/\/corrientesdetarde.com\/index.php\/wp-json\/wp\/v2\/posts\/157615\/revisions\/157617"}],"wp:featuredmedia":[{"embeddable":true,"href":"https:\/\/corrientesdetarde.com\/index.php\/wp-json\/wp\/v2\/media\/157616"}],"wp:attachment":[{"href":"https:\/\/corrientesdetarde.com\/index.php\/wp-json\/wp\/v2\/media?parent=157615"}],"wp:term":[{"taxonomy":"category","embeddable":true,"href":"https:\/\/corrientesdetarde.com\/index.php\/wp-json\/wp\/v2\/categories?post=157615"},{"taxonomy":"post_tag","embeddable":true,"href":"https:\/\/corrientesdetarde.com\/index.php\/wp-json\/wp\/v2\/tags?post=157615"}],"curies":[{"name":"wp","href":"https:\/\/api.w.org\/{rel}","templated":true}]}}